{"id":4683,"date":"2024-03-29T21:21:14","date_gmt":"2024-03-29T21:21:14","guid":{"rendered":"https:\/\/mostra.es\/?p=4683"},"modified":"2024-03-29T21:21:15","modified_gmt":"2024-03-29T21:21:15","slug":"the-writers-antonio-puertas-and-manuel-vazquez-present-their-works-at-the-xxxiii-lace-show","status":"publish","type":"post","link":"https:\/\/mostra.es\/en\/actualidade\/prensa\/os-escritores-antonio-puertas-e-manuel-vazquez-presentan-as-suas-obras-na-xxxiii-mostra-do-encaixe\/","title":{"rendered":"The writers Antonio Puertas and Manuel V\u00e1zquez present their works at the XXXIII Mostra do Encaixe"},"content":{"rendered":"<p>The XXXIII Camari\u00f1as Lace Festival of the Provincial Council of A Coru\u00f1a hosted two more presentations today, the last of the four that were held during the event. Antonio Puertas and Manuel V\u00e1zquez were in charge of closing this literary program today, Friday, March 29th.<\/p>\n\n\n\n<p>The Camari\u00f1an, from Corea, Antonio Puertas Lema, presented his book &#039;Camari\u00f1as my corner, Beldo\u00f1a my boat&#039;, a literary work inspired by Camari\u00f1as and Abegondo, the two municipalities that are close to the author&#039;s heart. The work offers us a window into past times and invites us to participate in the experiences that have shaped our community. Antonio Puertas manages to connect generations and build a bridge between the past and the present.<\/p>\n\n\n\n<p>For his part, Manuel V\u00e1zquez presented the work &#039;The Pleasure of Rain&#039;, a publication that he made known in large cities such as Berlin. This beautiful book constitutes the inner journey of the child who went, in search of harmony through justice, fraternity, symbolized in the rural world of childhood.<\/p>\n\n\n\n<figure class=\"wp-block-gallery has-nested-images columns-default is-cropped wp-block-gallery-1 is-layout-flex wp-block-gallery-is-layout-flex\">\n<figure class=\"wp-block-image size-large\"><img fetchpriority=\"high\" decoding=\"async\" width=\"1024\" height=\"771\" data-id=\"4686\" src=\"https:\/\/mostra.es\/wp-content\/uploads\/2024\/03\/Manuel-Vazquez-1024x771.jpg\" alt=\"\" class=\"wp-image-4686\" title=\"\" srcset=\"https:\/\/mostra.es\/wp-content\/uploads\/2024\/03\/Manuel-Vazquez-1024x771.jpg 1024w, https:\/\/mostra.es\/wp-content\/uploads\/2024\/03\/Manuel-Vazquez-300x226.jpg 300w, https:\/\/mostra.es\/wp-content\/uploads\/2024\/03\/Manuel-Vazquez-768x578.jpg 768w, https:\/\/mostra.es\/wp-content\/uploads\/2024\/03\/Manuel-Vazquez-1536x1157.jpg 1536w, https:\/\/mostra.es\/wp-content\/uploads\/2024\/03\/Manuel-Vazquez.jpg 1992w\" sizes=\"(max-width: 1024px) 100vw, 1024px\" \/><\/figure>\n\n\n\n<figure class=\"wp-block-image size-large\"><img decoding=\"async\" width=\"1024\" height=\"771\" data-id=\"4685\" src=\"https:\/\/mostra.es\/wp-content\/uploads\/2024\/03\/Antonio-Puertas-1024x771.jpg\" alt=\"\" class=\"wp-image-4685\" title=\"\" srcset=\"https:\/\/mostra.es\/wp-content\/uploads\/2024\/03\/Antonio-Puertas-1024x771.jpg 1024w, https:\/\/mostra.es\/wp-content\/uploads\/2024\/03\/Antonio-Puertas-300x226.jpg 300w, https:\/\/mostra.es\/wp-content\/uploads\/2024\/03\/Antonio-Puertas-768x578.jpg 768w, https:\/\/mostra.es\/wp-content\/uploads\/2024\/03\/Antonio-Puertas-1536x1157.jpg 1536w, https:\/\/mostra.es\/wp-content\/uploads\/2024\/03\/Antonio-Puertas.jpg 1992w\" sizes=\"(max-width: 1024px) 100vw, 1024px\" \/><\/figure>\n<\/figure>","protected":false},"excerpt":{"rendered":"<p>The Camari\u00f1an Antonio Puertas wrote the book &#039;Camari\u00f1as my corner, Beldo\u00f1a my boat&#039;. Manuel V\u00e1zquez &#039;The pleasure of the rain&#039;, an inner journey of the child who was.<\/p>","protected":false},"author":1,"featured_media":4684,"comment_status":"open","ping_status":"closed","sticky":false,"template":"","format":"standard","meta":{"footnotes":""},"categories":[10],"tags":[503,390,501,416],"class_list":["post-4683","post","type-post","status-publish","format-standard","has-post-thumbnail","hentry","category-prensa","tag-antonio-puertas","tag-literatura","tag-presentacions","tag-xxxiii-mostra-do-encaixe"],"_links":{"self":[{"href":"https:\/\/mostra.es\/en\/wp-json\/wp\/v2\/posts\/4683","targetHints":{"allow":["GET"]}}],"collection":[{"href":"https:\/\/mostra.es\/en\/wp-json\/wp\/v2\/posts"}],"about":[{"href":"https:\/\/mostra.es\/en\/wp-json\/wp\/v2\/types\/post"}],"author":[{"embeddable":true,"href":"https:\/\/mostra.es\/en\/wp-json\/wp\/v2\/users\/1"}],"replies":[{"embeddable":true,"href":"https:\/\/mostra.es\/en\/wp-json\/wp\/v2\/comments?post=4683"}],"version-history":[{"count":0,"href":"https:\/\/mostra.es\/en\/wp-json\/wp\/v2\/posts\/4683\/revisions"}],"wp:featuredmedia":[{"embeddable":true,"href":"https:\/\/mostra.es\/en\/wp-json\/wp\/v2\/media\/4684"}],"wp:attachment":[{"href":"https:\/\/mostra.es\/en\/wp-json\/wp\/v2\/media?parent=4683"}],"wp:term":[{"taxonomy":"category","embeddable":true,"href":"https:\/\/mostra.es\/en\/wp-json\/wp\/v2\/categories?post=4683"},{"taxonomy":"post_tag","embeddable":true,"href":"https:\/\/mostra.es\/en\/wp-json\/wp\/v2\/tags?post=4683"}],"curies":[{"name":"wp","href":"https:\/\/api.w.org\/{rel}","templated":true}]}}