{"id":4631,"date":"2024-03-22T11:10:04","date_gmt":"2024-03-22T11:10:04","guid":{"rendered":"https:\/\/mostra.es\/?p=4631"},"modified":"2024-03-22T11:10:39","modified_gmt":"2024-03-22T11:10:39","slug":"the-potters-of-buno-had-been-on-the-artencaixe-footbridge","status":"publish","type":"post","link":"https:\/\/mostra.es\/en\/actualidade\/prensa\/os-oleiros-de-buno-estaran-na-pasarela-artencaixe\/","title":{"rendered":"The potters of Bu\u00f1o will be on the &#039;ArtEncaixe&#039; catwalk of the XXXIII Lace Exhibition"},"content":{"rendered":"<p>Once again, the tradition of potters mixes with the lace of Camari\u00f1as in the &#039;ArtEncaixe&#039; catwalk of the XXXIII Camari\u00f1as Lace Exhibition of the Provincial Council of A Coru\u00f1a. This time, four potters are participating in the parade: Feituras, Obradoiro Tonio, Alfarer\u00eda La Cacharrera and O Rulo.<\/p>\n\n\n\n<p>At Alfarer\u00eda la Cacharrera they explain that \u201cthe Asociaci\u00f3n Oleira de Bu\u00f1o has maintained a good relationship with the compa\u00f1eiras of the Mostra for many years and for us it is a pleasure to be able to be part of this event, showing our work. \u201cThe lace brings the quality and delicacy of the work of the compa\u00f1eiraspalilleiras which can only enrich our creations\u201d, they state.<\/p>\n\n\n\n<p>For Obradoiro Tonio, \u201cit is a satisfaction to be able to participate in the parade and present our festivities\u201d and he added that \u201cI will bring a botixo and a jug, the two creations are different from what we usually do\u201d.&nbsp;<\/p>\n\n\n\n<p>For her part, Mar\u00eda Canedo, from &#039;Feituras&#039;, states that &quot;it is quite a challenge for me to be able to show in a creative way how two such different crafts can go hand in hand.&quot;&nbsp;<\/p>\n\n\n\n<p>Finally, O Rulo will once again show the result of combining clay and lace in a harmonious way.&nbsp;<\/p>\n\n\n\n<figure class=\"wp-block-embed is-type-video is-provider-youtube wp-block-embed-youtube wp-embed-aspect-16-9 wp-has-aspect-ratio\"><div class=\"wp-block-embed__wrapper\">\n<iframe title=\"ArtEncaixe and International parade\" width=\"800\" height=\"450\" src=\"https:\/\/www.youtube.com\/embed\/yBHZOhmCiTY?feature=oembed\" frameborder=\"0\" allow=\"accelerometer; autoplay; clipboard-write; encrypted-media; gyroscope; picture-in-picture; web-share\" allowfullscreen><\/iframe>\n<\/div><\/figure>","protected":false},"excerpt":{"rendered":"<p>In the XXXIII edition of the Mostra do Encaixe there will be four potters from Bu\u00f1o: Feituras, Obradoiro Tonio, Alfarer\u00eda La Cacharrera and O Rulo.<\/p>","protected":false},"author":1,"featured_media":4632,"comment_status":"open","ping_status":"closed","sticky":false,"template":"","format":"standard","meta":{"footnotes":""},"categories":[10],"tags":[35,495,237,416],"class_list":["post-4631","post","type-post","status-publish","format-standard","has-post-thumbnail","hentry","category-prensa","tag-artencaixe","tag-oleiros-de-buno","tag-pasarela-da-mostra","tag-xxxiii-mostra-do-encaixe"],"_links":{"self":[{"href":"https:\/\/mostra.es\/en\/wp-json\/wp\/v2\/posts\/4631","targetHints":{"allow":["GET"]}}],"collection":[{"href":"https:\/\/mostra.es\/en\/wp-json\/wp\/v2\/posts"}],"about":[{"href":"https:\/\/mostra.es\/en\/wp-json\/wp\/v2\/types\/post"}],"author":[{"embeddable":true,"href":"https:\/\/mostra.es\/en\/wp-json\/wp\/v2\/users\/1"}],"replies":[{"embeddable":true,"href":"https:\/\/mostra.es\/en\/wp-json\/wp\/v2\/comments?post=4631"}],"version-history":[{"count":0,"href":"https:\/\/mostra.es\/en\/wp-json\/wp\/v2\/posts\/4631\/revisions"}],"wp:featuredmedia":[{"embeddable":true,"href":"https:\/\/mostra.es\/en\/wp-json\/wp\/v2\/media\/4632"}],"wp:attachment":[{"href":"https:\/\/mostra.es\/en\/wp-json\/wp\/v2\/media?parent=4631"}],"wp:term":[{"taxonomy":"category","embeddable":true,"href":"https:\/\/mostra.es\/en\/wp-json\/wp\/v2\/categories?post=4631"},{"taxonomy":"post_tag","embeddable":true,"href":"https:\/\/mostra.es\/en\/wp-json\/wp\/v2\/tags?post=4631"}],"curies":[{"name":"wp","href":"https:\/\/api.w.org\/{rel}","templated":true}]}}