{"id":4448,"date":"2024-02-25T19:12:01","date_gmt":"2024-02-25T19:12:01","guid":{"rendered":"https:\/\/mostra.es\/?p=4448"},"modified":"2024-02-25T19:12:07","modified_gmt":"2024-02-25T19:12:07","slug":"vice-president-yolanda-diaz-wears-lace-earrings-from-camarinas-a-gift-from-the-city-council","status":"publish","type":"post","link":"https:\/\/mostra.es\/en\/actualidade\/prensa\/a-vicepresidenta-do-goberno-yolanda-diaz-loce-uns-pendentes-de-encaixe-de-camarinas-agasallo-do-concello\/","title":{"rendered":"The Vice President of the Government, Yolanda D\u00edaz, wears lace earrings from Camari\u00f1as, a gift from the City Council"},"content":{"rendered":"<p>The Vice President of the Government, Yolanda D\u00edaz, showed off in her last public appearances some lace earrings from Camari\u00f1as that were sent to her by the City Council as a thank you for the meeting held at FITUR with the mayor, Sandra Insua, and councilors Encarna Li\u00f1eiro and Bego\u00f1a Tajes.&nbsp;<\/p>\n\n\n\n<p>Sandra Insua met with the vice-president in Madrid and promised to send her this product. In the shipment, accompanying the earrings, was an invitation inviting her to participate in the XXXIII Camari\u00f1as Lace Fair.&nbsp;<\/p>\n\n\n\n<p>In her response, Yolanda D\u00edaz highlighted the good work being done by the City Council for the commercialization and internationalization of lace and with a &quot;see you at the Show&quot; she confirmed that she will try to participate this year on one of the days on which the event is held during Easter.&nbsp;<\/p>","protected":false},"excerpt":{"rendered":"<p>Sandra Insua met with the Vice President of the Government at FITUR and promised to send her this product. Yolanda D\u00edaz thanked her for the detail and confirmed that she will try to be at the XXXIII Camari\u00f1as Lace Fair in the Provincial Council of A Coru\u00f1a this year.<\/p>","protected":false},"author":1,"featured_media":4449,"comment_status":"open","ping_status":"closed","sticky":false,"template":"","format":"standard","meta":{"footnotes":""},"categories":[10],"tags":[19,346,426],"class_list":["post-4448","post","type-post","status-publish","format-standard","has-post-thumbnail","hentry","category-prensa","tag-fitur","tag-xxxii-mostra-do-encaixe","tag-yolanda-diaz"],"_links":{"self":[{"href":"https:\/\/mostra.es\/en\/wp-json\/wp\/v2\/posts\/4448","targetHints":{"allow":["GET"]}}],"collection":[{"href":"https:\/\/mostra.es\/en\/wp-json\/wp\/v2\/posts"}],"about":[{"href":"https:\/\/mostra.es\/en\/wp-json\/wp\/v2\/types\/post"}],"author":[{"embeddable":true,"href":"https:\/\/mostra.es\/en\/wp-json\/wp\/v2\/users\/1"}],"replies":[{"embeddable":true,"href":"https:\/\/mostra.es\/en\/wp-json\/wp\/v2\/comments?post=4448"}],"version-history":[{"count":0,"href":"https:\/\/mostra.es\/en\/wp-json\/wp\/v2\/posts\/4448\/revisions"}],"wp:featuredmedia":[{"embeddable":true,"href":"https:\/\/mostra.es\/en\/wp-json\/wp\/v2\/media\/4449"}],"wp:attachment":[{"href":"https:\/\/mostra.es\/en\/wp-json\/wp\/v2\/media?parent=4448"}],"wp:term":[{"taxonomy":"category","embeddable":true,"href":"https:\/\/mostra.es\/en\/wp-json\/wp\/v2\/categories?post=4448"},{"taxonomy":"post_tag","embeddable":true,"href":"https:\/\/mostra.es\/en\/wp-json\/wp\/v2\/tags?post=4448"}],"curies":[{"name":"wp","href":"https:\/\/api.w.org\/{rel}","templated":true}]}}