{"id":4356,"date":"2023-04-07T04:05:50","date_gmt":"2023-04-07T04:05:50","guid":{"rendered":"https:\/\/mostra.es\/?p=4356"},"modified":"2023-04-07T04:05:51","modified_gmt":"2023-04-07T04:05:51","slug":"sandra-insua-highlights-the-work-of-the-palilleiras-to-keep-alive-a-tradition-that-generates-identity","status":"publish","type":"post","link":"https:\/\/mostra.es\/en\/actualidade\/prensa\/sandra-insua-destaca-a-labor-das-palilleiras-para-manter-viva-unha-tradicion-que-xera-identidade\/","title":{"rendered":"Sandra Insua highlights the work of the palilleiras to \u201ckeep alive a tradition that generates identity\u201d"},"content":{"rendered":"<p>The parade hall of the XXXII Camari\u00f1as Lace Exhibition of the Provincial Council of A Coru\u00f1a was the place chosen to pay a heartfelt and beautiful tribute to the palilleiras, whom the mayor of Camari\u00f1as, Sandra Insua, described as \u201cthe true architects of elevating to the maximum a craft work of which we should all be very proud\u201d and highlighted their work to \u201ckeep alive a tradition that generates identity\u201d.\u00a0<\/p>\n\n\n\n<p>&quot;The lacemakers do much more than keep the fire of a traditional craft burning. Because with lace, they develop an art with enormous value in the textile industry. Haute couture, fashion in general and ornamentation are still nourished today by products made with the expert hands of our lacemakers,&quot; he said.<\/p>\n\n\n\n<figure class=\"wp-block-image size-large\"><img fetchpriority=\"high\" decoding=\"async\" width=\"1024\" height=\"576\" src=\"https:\/\/mostra.es\/wp-content\/uploads\/2023\/04\/homenaxe-as-palilleiras-cloe-carmen-3-1024x576.jpg\" alt=\"\" class=\"wp-image-4359\" title=\"\" srcset=\"https:\/\/mostra.es\/wp-content\/uploads\/2023\/04\/homenaxe-as-palilleiras-cloe-carmen-3-1024x576.jpg 1024w, https:\/\/mostra.es\/wp-content\/uploads\/2023\/04\/homenaxe-as-palilleiras-cloe-carmen-3-300x169.jpg 300w, https:\/\/mostra.es\/wp-content\/uploads\/2023\/04\/homenaxe-as-palilleiras-cloe-carmen-3-768x432.jpg 768w, https:\/\/mostra.es\/wp-content\/uploads\/2023\/04\/homenaxe-as-palilleiras-cloe-carmen-3.jpg 1200w\" sizes=\"(max-width: 1024px) 100vw, 1024px\" \/><\/figure>\n\n\n\n<p>Sandra Insua emphasized that \u201cthere are few pleasures in life better than arriving at a house or a workshop and hearing the clinking of the palilleras. That sound is talent. That sound is tradition. That sound is quality. That sound is authenticity. That sound is lace. And that sound is what Camari\u00f1as sounds like: the woman, empowered, strong and demanding.\u201d<\/p>\n\n\n\n<p><strong>Present, future and history<\/strong><\/p>\n\n\n\n<p>During the act of tribute to the lacemakers, a portrait of the youngest lacemaker, Cloe, and the most veteran, Maricarmen, was also unveiled, hand-painted by Cayetano Lled\u00f3. A work that symbolizes the present, future and history of Camari\u00f1as lace.<\/p>\n\n\n\n<figure class=\"wp-block-image size-large\"><img decoding=\"async\" width=\"1024\" height=\"649\" src=\"https:\/\/mostra.es\/wp-content\/uploads\/2023\/04\/homenaxe-as-palilleiras-cloe-carmen-2-1024x649.jpg\" alt=\"\" class=\"wp-image-4358\" title=\"\" srcset=\"https:\/\/mostra.es\/wp-content\/uploads\/2023\/04\/homenaxe-as-palilleiras-cloe-carmen-2-1024x649.jpg 1024w, https:\/\/mostra.es\/wp-content\/uploads\/2023\/04\/homenaxe-as-palilleiras-cloe-carmen-2-300x190.jpg 300w, https:\/\/mostra.es\/wp-content\/uploads\/2023\/04\/homenaxe-as-palilleiras-cloe-carmen-2-768x486.jpg 768w, https:\/\/mostra.es\/wp-content\/uploads\/2023\/04\/homenaxe-as-palilleiras-cloe-carmen-2.jpg 1200w\" sizes=\"(max-width: 1024px) 100vw, 1024px\" \/><\/figure>","protected":false},"excerpt":{"rendered":"<p>The catwalk of the XXXII Camari\u00f1as Lace Exhibition of the Provincial Council of A Coru\u00f1a hosted a tribute to the palilleiras in which a portrait of the youngest and most veteran palilleira was also discovered, the work of Cayetano Lled\u00f3.<\/p>","protected":false},"author":1,"featured_media":4357,"comment_status":"open","ping_status":"closed","sticky":false,"template":"","format":"standard","meta":{"footnotes":""},"categories":[10],"tags":[408,346],"class_list":["post-4356","post","type-post","status-publish","format-standard","has-post-thumbnail","hentry","category-prensa","tag-homenaxe-as-palilleiras","tag-xxxii-mostra-do-encaixe"],"_links":{"self":[{"href":"https:\/\/mostra.es\/en\/wp-json\/wp\/v2\/posts\/4356","targetHints":{"allow":["GET"]}}],"collection":[{"href":"https:\/\/mostra.es\/en\/wp-json\/wp\/v2\/posts"}],"about":[{"href":"https:\/\/mostra.es\/en\/wp-json\/wp\/v2\/types\/post"}],"author":[{"embeddable":true,"href":"https:\/\/mostra.es\/en\/wp-json\/wp\/v2\/users\/1"}],"replies":[{"embeddable":true,"href":"https:\/\/mostra.es\/en\/wp-json\/wp\/v2\/comments?post=4356"}],"version-history":[{"count":0,"href":"https:\/\/mostra.es\/en\/wp-json\/wp\/v2\/posts\/4356\/revisions"}],"wp:featuredmedia":[{"embeddable":true,"href":"https:\/\/mostra.es\/en\/wp-json\/wp\/v2\/media\/4357"}],"wp:attachment":[{"href":"https:\/\/mostra.es\/en\/wp-json\/wp\/v2\/media?parent=4356"}],"wp:term":[{"taxonomy":"category","embeddable":true,"href":"https:\/\/mostra.es\/en\/wp-json\/wp\/v2\/categories?post=4356"},{"taxonomy":"post_tag","embeddable":true,"href":"https:\/\/mostra.es\/en\/wp-json\/wp\/v2\/tags?post=4356"}],"curies":[{"name":"wp","href":"https:\/\/api.w.org\/{rel}","templated":true}]}}