{"id":4279,"date":"2023-03-29T17:23:44","date_gmt":"2023-03-29T17:23:44","guid":{"rendered":"https:\/\/mostra.es\/?p=4279"},"modified":"2023-03-29T17:23:46","modified_gmt":"2023-03-29T17:23:46","slug":"ana-freiria-and-zeltia-on-air-at-the-artencaixe-fashion-show-of-the-xxxii-camarinas-lace-show","status":"publish","type":"post","link":"https:\/\/mostra.es\/en\/actualidade\/prensa\/ana-freiria-e-zeltia-ao-aire-no-desfile-de-artencaixe-da-xxxii-mostra-do-encaixe-de-camarinas\/","title":{"rendered":"Ana Freir\u00eda and Zeltia ao Aire, in the &#039;ArtEncaixe&#039; parade of the XXXII Camari\u00f1as Lace Festival"},"content":{"rendered":"<p>The &#039;ArtEncaixe&#039; parade of the XXXII Camari\u00f1as Lace Exhibition of the Provincial Council of A Coru\u00f1a has two new confirmations: Ana Freir\u00eda, who is returning for the second consecutive year, and Zeltia ao Aire, who is making her debut at the event this year.<\/p>\n\n\n\n<p>Ana Freir\u00eda, who specializes in artistic goldsmithing, emphasizes that \u201cparticipating in the Mostrar again is a source of pride and pleasure, as well as a challenge, since I am leaving my comfort zone to create more showy pieces typical of a catwalk.\u201d<\/p>\n\n\n\n<figure class=\"wp-block-gallery has-nested-images columns-default is-cropped wp-block-gallery-1 is-layout-flex wp-block-gallery-is-layout-flex\">\n<figure class=\"wp-block-image size-large\"><img fetchpriority=\"high\" decoding=\"async\" width=\"1024\" height=\"461\" data-id=\"4282\" src=\"https:\/\/mostra.es\/wp-content\/uploads\/2023\/03\/ana-freiria-1-1024x461.jpg\" alt=\"\" class=\"wp-image-4282\" title=\"\" srcset=\"https:\/\/mostra.es\/wp-content\/uploads\/2023\/03\/ana-freiria-1-1024x461.jpg 1024w, https:\/\/mostra.es\/wp-content\/uploads\/2023\/03\/ana-freiria-1-300x135.jpg 300w, https:\/\/mostra.es\/wp-content\/uploads\/2023\/03\/ana-freiria-1-768x346.jpg 768w, https:\/\/mostra.es\/wp-content\/uploads\/2023\/03\/ana-freiria-1.jpg 1200w\" sizes=\"(max-width: 1024px) 100vw, 1024px\" \/><\/figure>\n\n\n\n<figure class=\"wp-block-image size-large\"><img decoding=\"async\" width=\"869\" height=\"1024\" data-id=\"4283\" src=\"https:\/\/mostra.es\/wp-content\/uploads\/2023\/03\/ana-freiria-2-869x1024.jpg\" alt=\"\" class=\"wp-image-4283\" title=\"\" srcset=\"https:\/\/mostra.es\/wp-content\/uploads\/2023\/03\/ana-freiria-2-869x1024.jpg 869w, https:\/\/mostra.es\/wp-content\/uploads\/2023\/03\/ana-freiria-2-255x300.jpg 255w, https:\/\/mostra.es\/wp-content\/uploads\/2023\/03\/ana-freiria-2-768x905.jpg 768w, https:\/\/mostra.es\/wp-content\/uploads\/2023\/03\/ana-freiria-2.jpg 1200w\" sizes=\"(max-width: 869px) 100vw, 869px\" \/><\/figure>\n\n\n\n<figure class=\"wp-block-image size-large\"><img decoding=\"async\" width=\"966\" height=\"1024\" data-id=\"4284\" src=\"https:\/\/mostra.es\/wp-content\/uploads\/2023\/03\/Zeltia-966x1024.jpg\" alt=\"\" class=\"wp-image-4284\" title=\"\" srcset=\"https:\/\/mostra.es\/wp-content\/uploads\/2023\/03\/Zeltia-966x1024.jpg 966w, https:\/\/mostra.es\/wp-content\/uploads\/2023\/03\/Zeltia-283x300.jpg 283w, https:\/\/mostra.es\/wp-content\/uploads\/2023\/03\/Zeltia-768x814.jpg 768w, https:\/\/mostra.es\/wp-content\/uploads\/2023\/03\/Zeltia.jpg 1200w\" sizes=\"(max-width: 966px) 100vw, 966px\" \/><\/figure>\n\n\n\n<figure class=\"wp-block-image size-large\"><img loading=\"lazy\" decoding=\"async\" width=\"1024\" height=\"462\" data-id=\"4285\" src=\"https:\/\/mostra.es\/wp-content\/uploads\/2023\/03\/Zeltia1-1024x462.jpg\" alt=\"\" class=\"wp-image-4285\" title=\"\" srcset=\"https:\/\/mostra.es\/wp-content\/uploads\/2023\/03\/Zeltia1-1024x462.jpg 1024w, https:\/\/mostra.es\/wp-content\/uploads\/2023\/03\/Zeltia1-300x135.jpg 300w, https:\/\/mostra.es\/wp-content\/uploads\/2023\/03\/Zeltia1-768x346.jpg 768w, https:\/\/mostra.es\/wp-content\/uploads\/2023\/03\/Zeltia1.jpg 1200w\" sizes=\"(max-width: 1024px) 100vw, 1024px\" \/><\/figure>\n\n\n\n<figure class=\"wp-block-image size-large\"><img loading=\"lazy\" decoding=\"async\" width=\"1024\" height=\"462\" data-id=\"4286\" src=\"https:\/\/mostra.es\/wp-content\/uploads\/2023\/03\/Zeltia2-1024x462.jpg\" alt=\"\" class=\"wp-image-4286\" title=\"\" srcset=\"https:\/\/mostra.es\/wp-content\/uploads\/2023\/03\/Zeltia2-1024x462.jpg 1024w, https:\/\/mostra.es\/wp-content\/uploads\/2023\/03\/Zeltia2-300x135.jpg 300w, https:\/\/mostra.es\/wp-content\/uploads\/2023\/03\/Zeltia2-768x346.jpg 768w, https:\/\/mostra.es\/wp-content\/uploads\/2023\/03\/Zeltia2.jpg 1200w\" sizes=\"(max-width: 1024px) 100vw, 1024px\" \/><\/figure>\n<\/figure>\n\n\n\n<p>On this occasion, he will bring to the Mostra &quot;a collection with a lot of roots, where our culture takes center stage and in which I once again use recycled metals from the naval and hospitality sectors.&quot;<\/p>\n\n\n\n<p>For her part, Zeltia ao Aire, who works with the air embroidery technique, which is used for the trimmings of traditional Galician costumes, explains that \u201cfor me it was a challenge to adapt the lace to my creations\u201d and indicates that \u201cI think it is a unique opportunity to highlight this tradition\u201d.<\/p>\n\n\n\n<p>&quot;I will wear a necklace inspired by the sea, a hand frog and a top. I think they will like it&quot;, he says.<\/p>\n\n\n\n<figure class=\"wp-block-embed is-type-video is-provider-youtube wp-block-embed-youtube wp-embed-aspect-16-9 wp-has-aspect-ratio\"><div class=\"wp-block-embed__wrapper\">\n<iframe title=\"ArtEncaixe and International parade\" width=\"800\" height=\"450\" src=\"https:\/\/www.youtube.com\/embed\/yBHZOhmCiTY?feature=oembed\" frameborder=\"0\" allow=\"accelerometer; autoplay; clipboard-write; encrypted-media; gyroscope; picture-in-picture; web-share\" allowfullscreen><\/iframe>\n<\/div><\/figure>","protected":false},"excerpt":{"rendered":"<p>This will be Zeltia ao Aire&#039;s first participation in the Mostra, while Ana Freir\u00eda will be returning for the second consecutive year. Ana Freir\u00eda, who specializes in artistic goldsmithing, will bring &quot;a collection with a lot of roots, where our culture takes center stage.&quot; Zeltia ao Aire, who works with air embroidery, explains that &quot;it was a challenge to adapt the lace to my creations.&quot;<\/p>","protected":false},"author":1,"featured_media":4285,"comment_status":"open","ping_status":"closed","sticky":false,"template":"","format":"standard","meta":{"footnotes":""},"categories":[10],"tags":[376,35,346,378],"class_list":["post-4279","post","type-post","status-publish","format-standard","has-post-thumbnail","hentry","category-prensa","tag-ana-freiria","tag-artencaixe","tag-xxxii-mostra-do-encaixe","tag-zeltia-ao-aire"],"_links":{"self":[{"href":"https:\/\/mostra.es\/en\/wp-json\/wp\/v2\/posts\/4279","targetHints":{"allow":["GET"]}}],"collection":[{"href":"https:\/\/mostra.es\/en\/wp-json\/wp\/v2\/posts"}],"about":[{"href":"https:\/\/mostra.es\/en\/wp-json\/wp\/v2\/types\/post"}],"author":[{"embeddable":true,"href":"https:\/\/mostra.es\/en\/wp-json\/wp\/v2\/users\/1"}],"replies":[{"embeddable":true,"href":"https:\/\/mostra.es\/en\/wp-json\/wp\/v2\/comments?post=4279"}],"version-history":[{"count":0,"href":"https:\/\/mostra.es\/en\/wp-json\/wp\/v2\/posts\/4279\/revisions"}],"wp:featuredmedia":[{"embeddable":true,"href":"https:\/\/mostra.es\/en\/wp-json\/wp\/v2\/media\/4285"}],"wp:attachment":[{"href":"https:\/\/mostra.es\/en\/wp-json\/wp\/v2\/media?parent=4279"}],"wp:term":[{"taxonomy":"category","embeddable":true,"href":"https:\/\/mostra.es\/en\/wp-json\/wp\/v2\/categories?post=4279"},{"taxonomy":"post_tag","embeddable":true,"href":"https:\/\/mostra.es\/en\/wp-json\/wp\/v2\/tags?post=4279"}],"curies":[{"name":"wp","href":"https:\/\/api.w.org\/{rel}","templated":true}]}}