{"id":4179,"date":"2023-03-20T04:22:37","date_gmt":"2023-03-20T04:22:37","guid":{"rendered":"https:\/\/mostra.es\/?p=4179"},"modified":"2023-03-20T04:22:39","modified_gmt":"2023-03-20T04:22:39","slug":"camarinan-lopes-headlines-the-musical-programming-of-the-xxxii-sample-of-camarinan-lace","status":"publish","type":"post","link":"https:\/\/mostra.es\/en\/actualidade\/prensa\/o-camarinan-lopes-encabeza-a-programacion-musical-da-xxxii-mostra-do-encaixe-de-camarinas\/","title":{"rendered":"<strong>Camari\u00f1as&#039; Lopes heads the musical program of the XXXII Camari\u00f1as Lace Festival<\/strong>"},"content":{"rendered":"<p>The artist from Camari\u00f1as Lopes heads the musical program of the XXXII Mostra do Encaixe de Camari\u00f1as Provincial Council of A Coru\u00f1a, in which attendees will also be able to enjoy a dance exhibition, dance music and lots of folklore.<\/p>\n\n\n\n<p>Rapper Lopes will be in charge of the closing concert (Sunday, April 9 at 9 p.m.) and, having arrived from a tour of Mexico, declares that &quot;being able to play where I grew up, which is where I lived experiences that inspire the songs I make, is a source of pride.&quot;&nbsp;<\/p>\n\n\n\n<p>&quot;We bring a show full of energy and strength as always, but with a special desire to be in my homeland. We will perform songs like Pole, Penas, Bandolero 2... and we will try to make the audience connect with us as much as possible&quot;, he says.&nbsp;<\/p>\n\n\n\n<p>For Lopes, this concert will be special since \u201canother good thing about playing at the Mostra is that I can be in Camari\u00f1as that day, because in recent years we have always had some filming or concerts outside of Galicia\u201d and he recalls that \u201cthe memories I have as a child are always seeing the town very full of people from outside, my mother and grandmother playing guitar, all the families getting ready to go to the Mostra together, the parades so varied\u2026 But the most beautiful thing about all this is the positive energy that is breathed in the town during that week\u201d. \u201cI invite everyone to come and enjoy it this 2023\u201d, he says.\u00a0<\/p>\n\n\n\n<figure class=\"wp-block-image aligncenter size-full\"><img fetchpriority=\"high\" decoding=\"async\" width=\"720\" height=\"408\" src=\"https:\/\/mostra.es\/wp-content\/uploads\/2023\/03\/arte-movemento-mostra-encaixe.jpg\" alt=\"\" class=\"wp-image-4180\" title=\"\" srcset=\"https:\/\/mostra.es\/wp-content\/uploads\/2023\/03\/arte-movemento-mostra-encaixe.jpg 720w, https:\/\/mostra.es\/wp-content\/uploads\/2023\/03\/arte-movemento-mostra-encaixe-300x170.jpg 300w\" sizes=\"(max-width: 720px) 100vw, 720px\" \/><figcaption class=\"wp-element-caption\">Art and Movement<\/figcaption><\/figure>\n\n\n\n<p><strong>Dance, dance music and folklore<\/strong><\/p>\n\n\n\n<p>On Saturday, April 8 at 11:30 a.m., the &#039;Arte e Movement&#039; sports dance club will hold an exhibition that will mix Caribbean, Latin and standard dances (waltz, tango, etc.). &quot;Mostly boys and girls of all ages will participate, but also some mothers,&quot; explains Lita, a student at the club, who points out that &quot;in addition, I am making the lace so that each dancer wears a piece.&quot;<\/p>\n\n\n\n<p>On the other hand, on the day of the inauguration, Wednesday, April 5, before the Great Designers&#039; parade that will close that first day (starting at 6 p.m.), DJ SON1C will premiere the dance version of the song &#039;Camari\u00f1as&#039;, accompanied by singer Alicia Bautis, and the music of the Danza de Arcos.<\/p>\n\n\n\n<p>As it could not be otherwise, during the five days, the folklore of the groups Abrindo Rejo, Con toda en banda, Vaiche Boa, Asociaci\u00f3n Mar Devalado de Camelle and Asociaci\u00f3n As Cansorri\u00f1as will be heard in the pavilions of the Mostra, mixed with the sound of chopsticks. There will also be the VI Encontro de Choirs in which the Coral Brisas do Mar de Corme, the Coral de Bergondo and the Coral Brisas do Mar de Camari\u00f1as will participate (Sunday 9 at 11:45 am).<\/p>\n\n\n\n<figure class=\"wp-block-image aligncenter size-large\"><img decoding=\"async\" width=\"1024\" height=\"683\" src=\"https:\/\/mostra.es\/wp-content\/uploads\/2023\/03\/dj-sonik-mostra-encaixe-1024x683.jpg\" alt=\"\" class=\"wp-image-4181\" title=\"\" srcset=\"https:\/\/mostra.es\/wp-content\/uploads\/2023\/03\/dj-sonik-mostra-encaixe-1024x683.jpg 1024w, https:\/\/mostra.es\/wp-content\/uploads\/2023\/03\/dj-sonik-mostra-encaixe-300x200.jpg 300w, https:\/\/mostra.es\/wp-content\/uploads\/2023\/03\/dj-sonik-mostra-encaixe-768x512.jpg 768w, https:\/\/mostra.es\/wp-content\/uploads\/2023\/03\/dj-sonik-mostra-encaixe.jpg 1200w\" sizes=\"(max-width: 1024px) 100vw, 1024px\" \/><figcaption class=\"wp-element-caption\">DJ Sonik<\/figcaption><\/figure>","protected":false},"excerpt":{"rendered":"<p>The artist declares that \u201cbeing able to play where I grew up, which is where I lived experiences from which I draw inspiration for the songs I make, is a source of pride\u201d. The sports dance club &#039;Arte e Movemento&#039; will put on a show that mixes Caribbean, Latin and standard dances. DJ SON1C will premiere the dance version of the song &#039;Camari\u00f1as&#039;, accompanied by Alicia Bautis, and the music of Danza de Arcos.<\/p>","protected":false},"author":1,"featured_media":4182,"comment_status":"open","ping_status":"closed","sticky":false,"template":"","format":"standard","meta":{"footnotes":""},"categories":[10],"tags":[362,364,346],"class_list":["post-4179","post","type-post","status-publish","format-standard","has-post-thumbnail","hentry","category-prensa","tag-lopes","tag-programacion-musical","tag-xxxii-mostra-do-encaixe"],"_links":{"self":[{"href":"https:\/\/mostra.es\/en\/wp-json\/wp\/v2\/posts\/4179","targetHints":{"allow":["GET"]}}],"collection":[{"href":"https:\/\/mostra.es\/en\/wp-json\/wp\/v2\/posts"}],"about":[{"href":"https:\/\/mostra.es\/en\/wp-json\/wp\/v2\/types\/post"}],"author":[{"embeddable":true,"href":"https:\/\/mostra.es\/en\/wp-json\/wp\/v2\/users\/1"}],"replies":[{"embeddable":true,"href":"https:\/\/mostra.es\/en\/wp-json\/wp\/v2\/comments?post=4179"}],"version-history":[{"count":0,"href":"https:\/\/mostra.es\/en\/wp-json\/wp\/v2\/posts\/4179\/revisions"}],"wp:featuredmedia":[{"embeddable":true,"href":"https:\/\/mostra.es\/en\/wp-json\/wp\/v2\/media\/4182"}],"wp:attachment":[{"href":"https:\/\/mostra.es\/en\/wp-json\/wp\/v2\/media?parent=4179"}],"wp:term":[{"taxonomy":"category","embeddable":true,"href":"https:\/\/mostra.es\/en\/wp-json\/wp\/v2\/categories?post=4179"},{"taxonomy":"post_tag","embeddable":true,"href":"https:\/\/mostra.es\/en\/wp-json\/wp\/v2\/tags?post=4179"}],"curies":[{"name":"wp","href":"https:\/\/api.w.org\/{rel}","templated":true}]}}