{"id":4108,"date":"2023-03-14T06:26:19","date_gmt":"2023-03-14T06:26:19","guid":{"rendered":"https:\/\/mostra.es\/?p=4108"},"modified":"2023-03-14T06:26:22","modified_gmt":"2023-03-14T06:26:22","slug":"designer-franco-quintans-had-resumed-his-idyll-with-dressing-rooms-at-the-xxxii-lace-exhibition","status":"publish","type":"post","link":"https:\/\/mostra.es\/en\/actualidade\/prensa\/o-desenador-franco-quintans-retomara-o-seu-idilio-con-camarinas-na-xxxii-mostra-do-encaixe\/","title":{"rendered":"Designer Franco Quint\u00e1ns will resume his romance with Camari\u00f1as at the XXXII Lace Exhibition"},"content":{"rendered":"<p>Galician designer Franco Quint\u00e1ns will resume his idyll with Camari\u00f1as at the XXXII Mostra do Encaixe Diputaci\u00f3n de A Coru\u00f1a, since even though last year he participated as a jury member in the New Designers competition, it had been more than 5 years since he presented a collection on the catwalk of the V\u00edctor Vigo pavilion.<\/p>\n\n\n\n<p>There he will show four sets from his &#039;Motomami&#039; collection, made up of party dresses in which he applies lace from Camari\u00f1as and, as he himself indicates, his competition will be &quot;a renaissance, returning to my origins and where it all began, since my first fashion show was in Camari\u00f1as&quot;.<\/p>\n\n\n\n<p>Due to life circumstances, Quint\u00e1ns was unable to participate in previous editions, but this time around he is &quot;especially excited, in a place that welcomes you like a home and where you always want to return,&quot; he explained.<\/p>\n\n\n\n<p>&quot;Camari\u00f1as Lace brings richness, highlights the garment in which it is applied and grants it authenticity, tradition and craftsmanship. We have to promote craftsmanship, which has a lot to say about Galicia and the Galician people&quot;, emphasizing that &quot;we can never lose our tradition&quot;.<\/p>","protected":false},"excerpt":{"rendered":"<p>Last year she participated as a jury member, but it had been more than 5 years since she presented a collection on the Deputaci\u00f3n de A Coru\u00f1a catwalk. There she will show four ensembles from her &#039;Motomami&#039; collection, party dresses in which she applies Camari\u00f1as lace.<\/p>","protected":false},"author":1,"featured_media":4109,"comment_status":"open","ping_status":"closed","sticky":false,"template":"","format":"standard","meta":{"footnotes":""},"categories":[10],"tags":[360,346],"class_list":["post-4108","post","type-post","status-publish","format-standard","has-post-thumbnail","hentry","category-prensa","tag-franco-quintans","tag-xxxii-mostra-do-encaixe"],"_links":{"self":[{"href":"https:\/\/mostra.es\/en\/wp-json\/wp\/v2\/posts\/4108","targetHints":{"allow":["GET"]}}],"collection":[{"href":"https:\/\/mostra.es\/en\/wp-json\/wp\/v2\/posts"}],"about":[{"href":"https:\/\/mostra.es\/en\/wp-json\/wp\/v2\/types\/post"}],"author":[{"embeddable":true,"href":"https:\/\/mostra.es\/en\/wp-json\/wp\/v2\/users\/1"}],"replies":[{"embeddable":true,"href":"https:\/\/mostra.es\/en\/wp-json\/wp\/v2\/comments?post=4108"}],"version-history":[{"count":0,"href":"https:\/\/mostra.es\/en\/wp-json\/wp\/v2\/posts\/4108\/revisions"}],"wp:featuredmedia":[{"embeddable":true,"href":"https:\/\/mostra.es\/en\/wp-json\/wp\/v2\/media\/4109"}],"wp:attachment":[{"href":"https:\/\/mostra.es\/en\/wp-json\/wp\/v2\/media?parent=4108"}],"wp:term":[{"taxonomy":"category","embeddable":true,"href":"https:\/\/mostra.es\/en\/wp-json\/wp\/v2\/categories?post=4108"},{"taxonomy":"post_tag","embeddable":true,"href":"https:\/\/mostra.es\/en\/wp-json\/wp\/v2\/tags?post=4108"}],"curies":[{"name":"wp","href":"https:\/\/api.w.org\/{rel}","templated":true}]}}