{"id":3994,"date":"2023-01-16T13:55:27","date_gmt":"2023-01-16T13:55:27","guid":{"rendered":"https:\/\/mostra.es\/?p=3994"},"modified":"2023-01-16T13:56:36","modified_gmt":"2023-01-16T13:56:36","slug":"camarinas-will-present-the-xxxii-lace-show-in-madrid-at-the-fitur-2023-international-tourism-fair","status":"publish","type":"post","link":"https:\/\/mostra.es\/en\/actualidade\/prensa\/camarinas-presentara-a-xxxii-mostra-do-encaixe-en-madrid-na-feira-internacional-de-turismo-fitur-2023\/","title":{"rendered":"Camari\u00f1as will present the XXXII Lace Exhibition in Madrid, at the International Tourism Fair &#039;Fitur&#039; 2023"},"content":{"rendered":"<p>The City Council of Camari\u00f1as returns, for another year, to the International Tourism Fair (FITUR) held in ifema (Madrid) to present, this Thursday at 6:30 p.m. at the Turespa\u00f1a stand, the XXXII Camari\u00f1as Lace Exhibition of the Provincial Council of A Coru\u00f1a.<\/p>\n\n\n\n<p>The mayor of Camari\u00f1as, Sandra Insua, will be in charge of announcing the reason chosen for this year and the promotional video of the event, which will be held from April 5 to 9 under the slogan &#039;Camari\u00f1as is in fashion&#039;.<\/p>\n\n\n\n<p>In the poster for this thirty-second edition, which is made public today, a woman dressed in lace can be seen appreciating, from a walkway in Reira, the most recognizable landscape of Camari\u00f1as in the world: Cabo Vil\u00e1n and its Lighthouse, flanked by the imposing and wild Atlantic Ocean.<\/p>\n\n\n\n<h2 class=\"wp-block-heading\">Poster for the XXXII Camari\u00f1as Lace Exhibition<\/h2>\n\n\n\n<figure class=\"wp-block-image aligncenter size-full\"><img fetchpriority=\"high\" decoding=\"async\" width=\"1000\" height=\"1429\" src=\"https:\/\/mostra.es\/wp-content\/uploads\/2023\/01\/cartel-xxxii-mostra-encaixe-camarinas-final.jpg\" alt=\"Poster for the XXXII Camari\u00f1as Lace Exhibition\" class=\"wp-image-3996\" title=\"\" srcset=\"https:\/\/mostra.es\/wp-content\/uploads\/2023\/01\/cartel-xxxii-mostra-encaixe-camarinas-final.jpg 1000w, https:\/\/mostra.es\/wp-content\/uploads\/2023\/01\/cartel-xxxii-mostra-encaixe-camarinas-final-210x300.jpg 210w, https:\/\/mostra.es\/wp-content\/uploads\/2023\/01\/cartel-xxxii-mostra-encaixe-camarinas-final-717x1024.jpg 717w, https:\/\/mostra.es\/wp-content\/uploads\/2023\/01\/cartel-xxxii-mostra-encaixe-camarinas-final-768x1097.jpg 768w\" sizes=\"(max-width: 1000px) 100vw, 1000px\" \/><figcaption class=\"wp-element-caption\">Poster for the XXXII Camari\u00f1as Lace Exhibition<\/figcaption><\/figure>\n\n\n\n<h2 class=\"wp-block-heading\">Screens in the center of Madrid<\/h2>\n\n\n\n<p>To contribute to the dissemination of the XXXII Lace Fair, the City Council of Camari\u00f1as, as it had already done in 2020 and 2022, decided to bring the Lace Fair to the heart of Madrid. Thus, taking advantage of the Fair&#039;s presentation at FITUR, it has scheduled a promotional poster to be projected on the large digital screens in Callao on Gran V\u00eda throughout the week of January 16 to 22.<\/p>\n\n\n\n<p>The objective of this advertising campaign is to continue promoting the Lace Exhibition and tourism in Camari\u00f1as outside our borders, to consolidate the event as the fashion capital during Easter and attract a greater number of visitors.<\/p>","protected":false},"excerpt":{"rendered":"<p>Sandra Insua will present the thirty-second edition of the Mostra on Thursday, January 19 at the Turespa\u00f1a stand. The reason and promotional video for the event, which will take place from April 5 to 9 under the slogan &#039;Camari\u00f1as is in fashion&#039;, will be revealed. The poster for this edition mixes lace, applied to fashion, with the most recognizable landscape of Camari\u00f1as in the world: Cabo Vil\u00e1n. The Mostra will once again be shown on the screens of Callao and Gran V\u00eda throughout the week.<\/p>","protected":false},"author":1,"featured_media":3995,"comment_status":"open","ping_status":"closed","sticky":false,"template":"","format":"standard","meta":{"footnotes":""},"categories":[10],"tags":[15,19,346],"class_list":["post-3994","post","type-post","status-publish","format-standard","has-post-thumbnail","hentry","category-prensa","tag-cartel-mostra","tag-fitur","tag-xxxii-mostra-do-encaixe"],"_links":{"self":[{"href":"https:\/\/mostra.es\/en\/wp-json\/wp\/v2\/posts\/3994","targetHints":{"allow":["GET"]}}],"collection":[{"href":"https:\/\/mostra.es\/en\/wp-json\/wp\/v2\/posts"}],"about":[{"href":"https:\/\/mostra.es\/en\/wp-json\/wp\/v2\/types\/post"}],"author":[{"embeddable":true,"href":"https:\/\/mostra.es\/en\/wp-json\/wp\/v2\/users\/1"}],"replies":[{"embeddable":true,"href":"https:\/\/mostra.es\/en\/wp-json\/wp\/v2\/comments?post=3994"}],"version-history":[{"count":0,"href":"https:\/\/mostra.es\/en\/wp-json\/wp\/v2\/posts\/3994\/revisions"}],"wp:featuredmedia":[{"embeddable":true,"href":"https:\/\/mostra.es\/en\/wp-json\/wp\/v2\/media\/3995"}],"wp:attachment":[{"href":"https:\/\/mostra.es\/en\/wp-json\/wp\/v2\/media?parent=3994"}],"wp:term":[{"taxonomy":"category","embeddable":true,"href":"https:\/\/mostra.es\/en\/wp-json\/wp\/v2\/categories?post=3994"},{"taxonomy":"post_tag","embeddable":true,"href":"https:\/\/mostra.es\/en\/wp-json\/wp\/v2\/tags?post=3994"}],"curies":[{"name":"wp","href":"https:\/\/api.w.org\/{rel}","templated":true}]}}