{"id":3862,"date":"2022-08-03T07:40:02","date_gmt":"2022-08-03T07:40:02","guid":{"rendered":"https:\/\/mostra.es\/?p=3862"},"modified":"2022-08-03T07:40:07","modified_gmt":"2022-08-03T07:40:07","slug":"artencaixe-exhibition-in-the-raquel-moreira-classroom-of-the-dressing-room-lace-museum","status":"publish","type":"post","link":"https:\/\/mostra.es\/en\/actualidade\/prensa\/exposicion-artencaixe-na-aula-raquel-moreira-do-museo-do-encaixe-de-camarinas\/","title":{"rendered":"ArtEncaixe exhibition in the Raquel Moreira classroom of the Camari\u00f1as Lace Museum"},"content":{"rendered":"<p>The Raquel Moreira classroom of the Museo do Encaixe has a new exhibition starting today: &#039;ArtEncaixe&#039;. Two years ago, the organization of the Mostra do Encaixe Deputaci\u00f3n de A Coru\u00f1a decided to bet on the combination of lace and craftsmanship for one of its catwalks, and such was the success of this tandem that it was decided to dedicate a specific space in this museum enclave in Camargue so that visitors can see the pieces more closely. It will be installed in the room until, at least, the next edition of the event.<\/p>\n\n\n\n<p>These are creations of Ana Miguens, Ana Freir\u00eda, Charo L\u00f3pez, Egueira ONG \u2013 Mimi La Bish, Estilo Aramar, Janet Schulz, Arteviares, Mar Barral, Noelia Pe\u00f1a, Alfarer\u00eda Lista, O Rulo, Tendataller Feituras, Obradoiro Gor\u00edn, Pilar en L\u00e1, Silvereria and Suso Calo.<\/p>\n\n\n\n<p>You can see everything from jewelry made of wood, silver or other materials, to the most exquisite pottery from Bu\u00f1o under the protection of the Encaixe de Camari\u00f1as, but also headdresses, accessories or the very peculiar creations of the NGO Egueire, with motifs from the Ivory Coast.<\/p>\n\n\n\n<figure class=\"wp-block-gallery has-nested-images columns-default is-cropped wp-block-gallery-1 is-layout-flex wp-block-gallery-is-layout-flex\">\n<figure class=\"wp-block-image size-large\"><img fetchpriority=\"high\" decoding=\"async\" width=\"1200\" height=\"800\" data-id=\"3865\" src=\"https:\/\/mostra.es\/wp-content\/uploads\/2022\/08\/artencaixe-raquel-moreira-00001.jpg\" alt=\"\" class=\"wp-image-3865\" title=\"\" srcset=\"https:\/\/mostra.es\/wp-content\/uploads\/2022\/08\/artencaixe-raquel-moreira-00001.jpg 1200w, https:\/\/mostra.es\/wp-content\/uploads\/2022\/08\/artencaixe-raquel-moreira-00001-300x200.jpg 300w, https:\/\/mostra.es\/wp-content\/uploads\/2022\/08\/artencaixe-raquel-moreira-00001-1024x683.jpg 1024w, https:\/\/mostra.es\/wp-content\/uploads\/2022\/08\/artencaixe-raquel-moreira-00001-768x512.jpg 768w\" sizes=\"(max-width: 1200px) 100vw, 1200px\" \/><\/figure>\n\n\n\n<figure class=\"wp-block-image size-large\"><img decoding=\"async\" width=\"1200\" height=\"800\" data-id=\"3866\" src=\"https:\/\/mostra.es\/wp-content\/uploads\/2022\/08\/artencaixe-raquel-moreira-00002.jpg\" alt=\"\" class=\"wp-image-3866\" title=\"\" srcset=\"https:\/\/mostra.es\/wp-content\/uploads\/2022\/08\/artencaixe-raquel-moreira-00002.jpg 1200w, https:\/\/mostra.es\/wp-content\/uploads\/2022\/08\/artencaixe-raquel-moreira-00002-300x200.jpg 300w, https:\/\/mostra.es\/wp-content\/uploads\/2022\/08\/artencaixe-raquel-moreira-00002-1024x683.jpg 1024w, https:\/\/mostra.es\/wp-content\/uploads\/2022\/08\/artencaixe-raquel-moreira-00002-768x512.jpg 768w\" sizes=\"(max-width: 1200px) 100vw, 1200px\" \/><\/figure>\n<\/figure>\n\n\n\n<p>The mayor, Sandra Insua, wanted to highlight the &quot;immense work that artisans and lacemakers do to put together unique pieces, and that from today will be available to all the public who come to the Lace Museum.&quot;<\/p>\n\n\n\n<p>For her part, the councilor of Encaixe, Encarna Li\u00f1eiro, reaffirmed the &quot;commitment we have had since the Mostra to combining craftsmanship and lace. At first it might have seemed like a utopia, but today it is a reality and one of the biggest catwalk successes in the last edition of the Mostra&quot;, she pointed out.<\/p>\n\n\n\n<p>Dolores Lema, director of the Mostra, said that &quot;in this exhibition there are unique pieces and all of the highest quality, since they are made one by one and all by hand. There are no others like them in the world and we are lucky to be able to exhibit them to the public in the Aula do Palillo Raquel Moreira. For us it is a real honor&quot;, she stated.<\/p>\n\n\n\n<figure class=\"wp-block-gallery has-nested-images columns-default is-cropped wp-block-gallery-2 is-layout-flex wp-block-gallery-is-layout-flex\">\n<figure class=\"wp-block-image size-large\"><img decoding=\"async\" width=\"1200\" height=\"800\" data-id=\"3868\" src=\"https:\/\/mostra.es\/wp-content\/uploads\/2022\/08\/artencaixe-raquel-moreira-00004.jpg\" alt=\"\" class=\"wp-image-3868\" title=\"\" srcset=\"https:\/\/mostra.es\/wp-content\/uploads\/2022\/08\/artencaixe-raquel-moreira-00004.jpg 1200w, https:\/\/mostra.es\/wp-content\/uploads\/2022\/08\/artencaixe-raquel-moreira-00004-300x200.jpg 300w, https:\/\/mostra.es\/wp-content\/uploads\/2022\/08\/artencaixe-raquel-moreira-00004-1024x683.jpg 1024w, https:\/\/mostra.es\/wp-content\/uploads\/2022\/08\/artencaixe-raquel-moreira-00004-768x512.jpg 768w\" sizes=\"(max-width: 1200px) 100vw, 1200px\" \/><\/figure>\n\n\n\n<figure class=\"wp-block-image size-large\"><img loading=\"lazy\" decoding=\"async\" width=\"1200\" height=\"800\" data-id=\"3867\" src=\"https:\/\/mostra.es\/wp-content\/uploads\/2022\/08\/artencaixe-raquel-moreira-00003.jpg\" alt=\"\" class=\"wp-image-3867\" title=\"\" srcset=\"https:\/\/mostra.es\/wp-content\/uploads\/2022\/08\/artencaixe-raquel-moreira-00003.jpg 1200w, https:\/\/mostra.es\/wp-content\/uploads\/2022\/08\/artencaixe-raquel-moreira-00003-300x200.jpg 300w, https:\/\/mostra.es\/wp-content\/uploads\/2022\/08\/artencaixe-raquel-moreira-00003-1024x683.jpg 1024w, https:\/\/mostra.es\/wp-content\/uploads\/2022\/08\/artencaixe-raquel-moreira-00003-768x512.jpg 768w\" sizes=\"(max-width: 1200px) 100vw, 1200px\" \/><\/figure>\n<\/figure>","protected":false},"excerpt":{"rendered":"<p>Two years ago, the organization of the Mostra decided to focus on the combination of lace and craftsmanship, and due to the success of this tandem, it was decided to dedicate a space for visitors to contemplate these pieces, with their installation planned, at least, until the next edition of this event. Ana Miguens, Ana Freir\u00eda, Charo L\u00f3pez, Egueira ONG \u2013 Mimi La Bish, Estilo Aramar, Janet Schulz, Arteviares, Mar Barral, Noelia Pe\u00f1a, Alfarer\u00eda Lista, O Rulo, Tendataller Feituras, Obradoiro Gor\u00edn, Pilar en L\u00e1, Silvereria and Suso Calo are the hands that made the exhibited works.<\/p>","protected":false},"author":1,"featured_media":3864,"comment_status":"open","ping_status":"closed","sticky":false,"template":"","format":"standard","meta":{"footnotes":""},"categories":[10],"tags":[35,105],"class_list":["post-3862","post","type-post","status-publish","format-standard","has-post-thumbnail","hentry","category-prensa","tag-artencaixe","tag-aula-raquel-moreira"],"_links":{"self":[{"href":"https:\/\/mostra.es\/en\/wp-json\/wp\/v2\/posts\/3862","targetHints":{"allow":["GET"]}}],"collection":[{"href":"https:\/\/mostra.es\/en\/wp-json\/wp\/v2\/posts"}],"about":[{"href":"https:\/\/mostra.es\/en\/wp-json\/wp\/v2\/types\/post"}],"author":[{"embeddable":true,"href":"https:\/\/mostra.es\/en\/wp-json\/wp\/v2\/users\/1"}],"replies":[{"embeddable":true,"href":"https:\/\/mostra.es\/en\/wp-json\/wp\/v2\/comments?post=3862"}],"version-history":[{"count":0,"href":"https:\/\/mostra.es\/en\/wp-json\/wp\/v2\/posts\/3862\/revisions"}],"wp:featuredmedia":[{"embeddable":true,"href":"https:\/\/mostra.es\/en\/wp-json\/wp\/v2\/media\/3864"}],"wp:attachment":[{"href":"https:\/\/mostra.es\/en\/wp-json\/wp\/v2\/media?parent=3862"}],"wp:term":[{"taxonomy":"category","embeddable":true,"href":"https:\/\/mostra.es\/en\/wp-json\/wp\/v2\/categories?post=3862"},{"taxonomy":"post_tag","embeddable":true,"href":"https:\/\/mostra.es\/en\/wp-json\/wp\/v2\/tags?post=3862"}],"curies":[{"name":"wp","href":"https:\/\/api.w.org\/{rel}","templated":true}]}}