{"id":3800,"date":"2022-04-20T11:20:32","date_gmt":"2022-04-20T11:20:32","guid":{"rendered":"https:\/\/mostra.es\/?p=3800"},"modified":"2022-04-20T16:36:39","modified_gmt":"2022-04-20T16:36:39","slug":"alvaro-castillo-winner-of-the-new-designers-competition-of-the-xxxi-lace-exhibition","status":"publish","type":"post","link":"https:\/\/mostra.es\/en\/actualidade\/prensa\/alvaro-castillo-ganador-do-concurso-de-noveis-desenadores-da-xxxi-mostra-do-encaixe\/","title":{"rendered":"\u00c1lvaro Castillo, winner of the New Designers Competition of the XXXI Lace Exhibition"},"content":{"rendered":"<p>The closing day of the XXXI Camari\u00f1as Lace Fair served to announce the winners of the XXVIII New Designers competition. The first prize, awarded by the councilor of Camari\u00f1as, Encarna Li\u00f1eiro, went to \u00c1lvaro Castillo, who won over the professional jury with his Remind collection, for which he used fabrics and garments from his grandmother, who passed away and to whom he wanted to dedicate the prize.<\/p>\n\n\n\n<p>The head of the Vil\u00e1n plant of Stolt Sea Farm, Jos\u00e9 Figueroa, presented the award to M\u00ebu Kiez, by Pablo Gonz\u00e1lez Moreno, who came in second place; while the El Taller collection by Vanessa Parente and Beatriz Chan, who received the award from the founder of Frigor\u00edficos de Camari\u00f1as, Luis Canosa; came in third place. The \u201cSpecial Audience Award\u201d, presented by the director of the Association of Entrepreneurs and Tourism Promotion of Camari\u00f1as, Jos\u00e9 Manuel Ameal, also went to Pablo Gonz\u00e1lez Moreno, with M\u00ebu Kiez.<\/p>\n\n\n\n<figure class=\"wp-block-image size-large\"><img fetchpriority=\"high\" decoding=\"async\" width=\"1024\" height=\"745\" src=\"https:\/\/mostra.es\/wp-content\/uploads\/2022\/04\/SEGUNDO-PREMIO-Y-PREMIO-DEL-PU\u0301BLICO-ENTREGA-1024x745.jpg\" alt=\"\" class=\"wp-image-3807\" title=\"\" srcset=\"https:\/\/mostra.es\/wp-content\/uploads\/2022\/04\/SEGUNDO-PREMIO-Y-PREMIO-DEL-PU\u0301BLICO-ENTREGA-1024x745.jpg 1024w, https:\/\/mostra.es\/wp-content\/uploads\/2022\/04\/SEGUNDO-PREMIO-Y-PREMIO-DEL-PU\u0301BLICO-ENTREGA-300x218.jpg 300w, https:\/\/mostra.es\/wp-content\/uploads\/2022\/04\/SEGUNDO-PREMIO-Y-PREMIO-DEL-PU\u0301BLICO-ENTREGA-768x559.jpg 768w, https:\/\/mostra.es\/wp-content\/uploads\/2022\/04\/SEGUNDO-PREMIO-Y-PREMIO-DEL-PU\u0301BLICO-ENTREGA.jpg 1200w\" sizes=\"(max-width: 1024px) 100vw, 1024px\" \/><\/figure>\n\n\n\n<p>In this edition, a total of 4,500 euros were awarded in prizes divided as follows: a first prize of 2,100 euros, a second of 1,200 euros, a third of 600 euros, and the \u201cSpecial Audience Prize\u201d, also of 600 euros.<\/p>\n\n\n\n<p>A total of 25 young people who are taking their first steps in the world of fashion have applied for these awards. The origins of the new designers were very diverse, as they will come from Asturias, Alicante, Guip\u00fazcoa, Pontevedra, Zaragoza, A Coru\u00f1a, Cantabria, Zaragoza, Murcia or Madrid. They have trained in the best schools at a national level.<\/p>\n\n\n\n<figure class=\"wp-block-image size-large\"><img decoding=\"async\" width=\"1024\" height=\"635\" src=\"https:\/\/mostra.es\/wp-content\/uploads\/2022\/04\/foto-familia-coleccions-ganadoras-xxxi-mostra-1024x635.jpg\" alt=\"\" class=\"wp-image-3804\" title=\"\" srcset=\"https:\/\/mostra.es\/wp-content\/uploads\/2022\/04\/foto-familia-coleccions-ganadoras-xxxi-mostra-1024x635.jpg 1024w, https:\/\/mostra.es\/wp-content\/uploads\/2022\/04\/foto-familia-coleccions-ganadoras-xxxi-mostra-300x186.jpg 300w, https:\/\/mostra.es\/wp-content\/uploads\/2022\/04\/foto-familia-coleccions-ganadoras-xxxi-mostra-768x476.jpg 768w, https:\/\/mostra.es\/wp-content\/uploads\/2022\/04\/foto-familia-coleccions-ganadoras-xxxi-mostra.jpg 1200w\" sizes=\"(max-width: 1024px) 100vw, 1024px\" \/><\/figure>\n\n\n\n<p>The <a href=\"https:\/\/mostra.es\/en\/news\/press\/the-professional-jury-evaluates-the-proposals-of-the-participants-of-the-28th-new-designers-competition\/\" data-type=\"post\" data-id=\"3786\">The jury was composed of the following designers:<\/a>: Amaya Fern\u00e1ndez, Edith del Valle, Modesto Lomba (president), In\u00e9s Fern\u00e1ndez, Charo Carrillo, Felipe Santamar\u00eda, Franco Quint\u00e1ns, Jorge de \u00c1lvarez and Esteban Freir\u00eda.<\/p>\n\n\n\n<p>At the closing ceremony, the councilor of Encaixe, Encarna Li\u00f1eiro, stated that &quot;at this moment we can proudly say that many people fit into paradise, so many that the slogan could be &#039;Camari\u00f1as is in fashion&#039;.&quot;<\/p>\n\n\n\n<p>In his speech he made reference to the return of the International Delegations since &quot;sharing our art with other countries is proof that our way of understanding life has no borders. We are one big family, whether we are in Peniche, Novedrate or Sofia.&quot;<\/p>\n\n\n\n<h2 class=\"wp-block-heading\">Prize winners at the XXXI Mostra do Encaixe<\/h2>\n\n\n\n<figure class=\"wp-block-embed is-type-video is-provider-youtube wp-block-embed-youtube wp-embed-aspect-16-9 wp-has-aspect-ratio\"><div class=\"wp-block-embed__wrapper\">\n<iframe title=\"Winners of the New Designers Competition XXXI Camari\u00f1as Lace Exhibition\" width=\"800\" height=\"450\" src=\"https:\/\/www.youtube.com\/embed\/wFF0wtWfvxw?feature=oembed\" frameborder=\"0\" allow=\"accelerometer; autoplay; clipboard-write; encrypted-media; gyroscope; picture-in-picture\" allowfullscreen><\/iframe>\n<\/div><\/figure>","protected":false},"excerpt":{"rendered":"<p>\u00c1lvaro Castillo becomes the winner of the XXVIII Noveis Dese\u00f1adores contest with the Remind collection. M\u00ebu Kiez, by Pablo Gonz\u00e1lez Moreno, achieved second place in the contest, while El Taller, by Vanessa Parente and Beatriz Chan, came in third place. The special audience award went to Pablo Gonz\u00e1lez Moreno with M\u00ebu Kiez. The awards were presented by Encarna Li\u00f1eiro, Jos\u00e9 Figueroa, Luis Canosa and Jos\u00e9 Manuel Ameal.<\/p>","protected":false},"author":1,"featured_media":3805,"comment_status":"open","ping_status":"closed","sticky":false,"template":"","format":"standard","meta":{"footnotes":""},"categories":[10],"tags":[20,237,166],"class_list":["post-3800","post","type-post","status-publish","format-standard","has-post-thumbnail","hentry","category-prensa","tag-encarna-lineiro","tag-pasarela-da-mostra","tag-xxxi-mostra-do-encaixe"],"_links":{"self":[{"href":"https:\/\/mostra.es\/en\/wp-json\/wp\/v2\/posts\/3800","targetHints":{"allow":["GET"]}}],"collection":[{"href":"https:\/\/mostra.es\/en\/wp-json\/wp\/v2\/posts"}],"about":[{"href":"https:\/\/mostra.es\/en\/wp-json\/wp\/v2\/types\/post"}],"author":[{"embeddable":true,"href":"https:\/\/mostra.es\/en\/wp-json\/wp\/v2\/users\/1"}],"replies":[{"embeddable":true,"href":"https:\/\/mostra.es\/en\/wp-json\/wp\/v2\/comments?post=3800"}],"version-history":[{"count":0,"href":"https:\/\/mostra.es\/en\/wp-json\/wp\/v2\/posts\/3800\/revisions"}],"wp:featuredmedia":[{"embeddable":true,"href":"https:\/\/mostra.es\/en\/wp-json\/wp\/v2\/media\/3805"}],"wp:attachment":[{"href":"https:\/\/mostra.es\/en\/wp-json\/wp\/v2\/media?parent=3800"}],"wp:term":[{"taxonomy":"category","embeddable":true,"href":"https:\/\/mostra.es\/en\/wp-json\/wp\/v2\/categories?post=3800"},{"taxonomy":"post_tag","embeddable":true,"href":"https:\/\/mostra.es\/en\/wp-json\/wp\/v2\/tags?post=3800"}],"curies":[{"name":"wp","href":"https:\/\/api.w.org\/{rel}","templated":true}]}}