{"id":3786,"date":"2022-04-20T10:29:25","date_gmt":"2022-04-20T10:29:25","guid":{"rendered":"https:\/\/mostra.es\/?p=3786"},"modified":"2022-04-20T10:30:40","modified_gmt":"2022-04-20T10:30:40","slug":"the-professional-jury-evaluates-the-proposals-of-the-participants-of-the-28th-new-designers-competition","status":"publish","type":"post","link":"https:\/\/mostra.es\/en\/actualidade\/prensa\/o-xurado-profesional-avalia-as-propostas-dos-participantes-do-xxviii-concurso-de-noveis-desenadores\/","title":{"rendered":"The professional jury evaluates the proposals of the participants of the XXVIII New Designers competition"},"content":{"rendered":"<p>Today was the decisive day for the participants of the XXVIII New Designers competition of the XXXI Camari\u00f1as Lace Fair, Provincial Council of A Coru\u00f1a. The professional jury was present at the &#039;A&#039; and &#039;B&#039; group parades this afternoon to evaluate the proposals presented by the 25 young participants.<\/p>\n\n\n\n<p>The jury is made up of Modesto Lomba (president), Felipe Santamar\u00eda, Franco Quint\u00e1ns, Edith del Valle, Esteban Freir\u00eda, Amaya Fern\u00e1ndez, Jorge de \u00c1lvarez and In\u00e9s Fern\u00e1ndez. They assessed aspects such as the application of the lace, the tailoring, the originality, the message\u2026<\/p>\n\n\n\n<figure class=\"wp-block-embed is-type-video is-provider-youtube wp-block-embed-youtube wp-embed-aspect-16-9 wp-has-aspect-ratio\"><div class=\"wp-block-embed__wrapper\">\n<iframe title=\"New Designers Competition 2022 GROUP A\" width=\"800\" height=\"450\" src=\"https:\/\/www.youtube.com\/embed\/LT9x5LucFxc?feature=oembed\" frameborder=\"0\" allow=\"accelerometer; autoplay; clipboard-write; encrypted-media; gyroscope; picture-in-picture\" allowfullscreen><\/iframe>\n<\/div><\/figure>\n\n\n\n<p>Tomorrow, Sunday, April 17, the winner of the contest and the prize from the popular jury, which in the previous days evaluated the different proposals of the new designers who arrived from different parts of Spain, will be announced.<\/p>\n\n\n\n<p>In addition, at the end of the fashion shows, the meeting between great and new designers took place, &#039;Falemos de moda&#039;, a space in which those who are starting out in the world of fashion were able to ask questions and receive advice from renowned professionals.<\/p>\n\n\n\n<p>On the other hand, Xabier D\u00edaz set the musical note on the catwalk, prior to the Great Designers&#039; parade. In the evening, at 10 p.m., he will give the concert of the XXXI Camari\u00f1as Lace Exhibition of the Provincial Council of A Coru\u00f1a in the market square.<\/p>\n\n\n\n<figure class=\"wp-block-gallery has-nested-images columns-default is-cropped wp-block-gallery-1 is-layout-flex wp-block-gallery-is-layout-flex\">\n<figure class=\"wp-block-image size-large\"><img fetchpriority=\"high\" decoding=\"async\" width=\"1500\" height=\"1000\" data-id=\"3794\" src=\"https:\/\/mostra.es\/wp-content\/uploads\/2022\/04\/Xabier-Di\u0301az.jpg\" alt=\"\" class=\"wp-image-3794\" title=\"\" srcset=\"https:\/\/mostra.es\/wp-content\/uploads\/2022\/04\/Xabier-Di\u0301az.jpg 1500w, https:\/\/mostra.es\/wp-content\/uploads\/2022\/04\/Xabier-Di\u0301az-300x200.jpg 300w, https:\/\/mostra.es\/wp-content\/uploads\/2022\/04\/Xabier-Di\u0301az-1024x683.jpg 1024w, https:\/\/mostra.es\/wp-content\/uploads\/2022\/04\/Xabier-Di\u0301az-768x512.jpg 768w\" sizes=\"(max-width: 1500px) 100vw, 1500px\" \/><\/figure>\n\n\n\n<figure class=\"wp-block-image size-large\"><img decoding=\"async\" width=\"1500\" height=\"1000\" data-id=\"3793\" src=\"https:\/\/mostra.es\/wp-content\/uploads\/2022\/04\/Valoracio\u0301n-Xurado-Noveis-2.jpg\" alt=\"\" class=\"wp-image-3793\" title=\"\" srcset=\"https:\/\/mostra.es\/wp-content\/uploads\/2022\/04\/Valoracio\u0301n-Xurado-Noveis-2.jpg 1500w, https:\/\/mostra.es\/wp-content\/uploads\/2022\/04\/Valoracio\u0301n-Xurado-Noveis-2-300x200.jpg 300w, https:\/\/mostra.es\/wp-content\/uploads\/2022\/04\/Valoracio\u0301n-Xurado-Noveis-2-1024x683.jpg 1024w, https:\/\/mostra.es\/wp-content\/uploads\/2022\/04\/Valoracio\u0301n-Xurado-Noveis-2-768x512.jpg 768w\" sizes=\"(max-width: 1500px) 100vw, 1500px\" \/><\/figure>\n\n\n\n<figure class=\"wp-block-image size-large\"><img decoding=\"async\" width=\"1500\" height=\"1000\" data-id=\"3792\" src=\"https:\/\/mostra.es\/wp-content\/uploads\/2022\/04\/Valoracio\u0301n-Xurado-Noveis-1.jpg\" alt=\"\" class=\"wp-image-3792\" title=\"\" srcset=\"https:\/\/mostra.es\/wp-content\/uploads\/2022\/04\/Valoracio\u0301n-Xurado-Noveis-1.jpg 1500w, https:\/\/mostra.es\/wp-content\/uploads\/2022\/04\/Valoracio\u0301n-Xurado-Noveis-1-300x200.jpg 300w, https:\/\/mostra.es\/wp-content\/uploads\/2022\/04\/Valoracio\u0301n-Xurado-Noveis-1-1024x683.jpg 1024w, https:\/\/mostra.es\/wp-content\/uploads\/2022\/04\/Valoracio\u0301n-Xurado-Noveis-1-768x512.jpg 768w\" sizes=\"(max-width: 1500px) 100vw, 1500px\" \/><\/figure>\n\n\n\n<figure class=\"wp-block-image size-large\"><img loading=\"lazy\" decoding=\"async\" width=\"1200\" height=\"800\" data-id=\"3791\" src=\"https:\/\/mostra.es\/wp-content\/uploads\/2022\/04\/Pequencaixe-1.jpg\" alt=\"\" class=\"wp-image-3791\" title=\"\" srcset=\"https:\/\/mostra.es\/wp-content\/uploads\/2022\/04\/Pequencaixe-1.jpg 1200w, https:\/\/mostra.es\/wp-content\/uploads\/2022\/04\/Pequencaixe-1-300x200.jpg 300w, https:\/\/mostra.es\/wp-content\/uploads\/2022\/04\/Pequencaixe-1-1024x683.jpg 1024w, https:\/\/mostra.es\/wp-content\/uploads\/2022\/04\/Pequencaixe-1-768x512.jpg 768w\" sizes=\"(max-width: 1200px) 100vw, 1200px\" \/><\/figure>\n\n\n\n<figure class=\"wp-block-image size-large\"><img loading=\"lazy\" decoding=\"async\" width=\"1500\" height=\"1000\" data-id=\"3789\" src=\"https:\/\/mostra.es\/wp-content\/uploads\/2022\/04\/Grandes-Firmas-Lalaco\u0301.jpg\" alt=\"\" class=\"wp-image-3789\" title=\"\" srcset=\"https:\/\/mostra.es\/wp-content\/uploads\/2022\/04\/Grandes-Firmas-Lalaco\u0301.jpg 1500w, https:\/\/mostra.es\/wp-content\/uploads\/2022\/04\/Grandes-Firmas-Lalaco\u0301-300x200.jpg 300w, https:\/\/mostra.es\/wp-content\/uploads\/2022\/04\/Grandes-Firmas-Lalaco\u0301-1024x683.jpg 1024w, https:\/\/mostra.es\/wp-content\/uploads\/2022\/04\/Grandes-Firmas-Lalaco\u0301-768x512.jpg 768w\" sizes=\"(max-width: 1500px) 100vw, 1500px\" \/><\/figure>\n\n\n\n<figure class=\"wp-block-image size-large\"><img loading=\"lazy\" decoding=\"async\" width=\"1500\" height=\"1000\" data-id=\"3788\" src=\"https:\/\/mostra.es\/wp-content\/uploads\/2022\/04\/Grandes-Firmas-Edith-del-Valle.jpg\" alt=\"\" class=\"wp-image-3788\" title=\"\" srcset=\"https:\/\/mostra.es\/wp-content\/uploads\/2022\/04\/Grandes-Firmas-Edith-del-Valle.jpg 1500w, https:\/\/mostra.es\/wp-content\/uploads\/2022\/04\/Grandes-Firmas-Edith-del-Valle-300x200.jpg 300w, https:\/\/mostra.es\/wp-content\/uploads\/2022\/04\/Grandes-Firmas-Edith-del-Valle-1024x683.jpg 1024w, https:\/\/mostra.es\/wp-content\/uploads\/2022\/04\/Grandes-Firmas-Edith-del-Valle-768x512.jpg 768w\" sizes=\"(max-width: 1500px) 100vw, 1500px\" \/><\/figure>\n\n\n\n<figure class=\"wp-block-image size-large\"><img loading=\"lazy\" decoding=\"async\" width=\"1500\" height=\"1000\" data-id=\"3787\" src=\"https:\/\/mostra.es\/wp-content\/uploads\/2022\/04\/Desfile-Tarde-Dolores-Corte\u0301s.jpg\" alt=\"\" class=\"wp-image-3787\" title=\"\" srcset=\"https:\/\/mostra.es\/wp-content\/uploads\/2022\/04\/Desfile-Tarde-Dolores-Corte\u0301s.jpg 1500w, https:\/\/mostra.es\/wp-content\/uploads\/2022\/04\/Desfile-Tarde-Dolores-Corte\u0301s-300x200.jpg 300w, https:\/\/mostra.es\/wp-content\/uploads\/2022\/04\/Desfile-Tarde-Dolores-Corte\u0301s-1024x683.jpg 1024w, https:\/\/mostra.es\/wp-content\/uploads\/2022\/04\/Desfile-Tarde-Dolores-Corte\u0301s-768x512.jpg 768w\" sizes=\"(max-width: 1500px) 100vw, 1500px\" \/><\/figure>\n<\/figure>","protected":false},"excerpt":{"rendered":"<p>The jury is made up of Modesto Lomba, Felipe Santamar\u00eda, Franco Quint\u00e1ns, Edith del Valle, Esteban Freir\u00eda, Amaya Fern\u00e1ndez, Jorge de \u00c1lvarez and In\u00e9s Fern\u00e1ndez. At the end of the fashion shows, a meeting between great and new designers took place. The tambourine player Xabier D\u00edaz set the musical tone for the fashion shows before the concert he will offer at 10 p.m. in the market square.<\/p>","protected":false},"author":1,"featured_media":3790,"comment_status":"open","ping_status":"closed","sticky":false,"template":"","format":"standard","meta":{"footnotes":""},"categories":[10],"tags":[168,166],"class_list":["post-3786","post","type-post","status-publish","format-standard","has-post-thumbnail","hentry","category-prensa","tag-concurso-de-noveis-desenadores","tag-xxxi-mostra-do-encaixe"],"_links":{"self":[{"href":"https:\/\/mostra.es\/en\/wp-json\/wp\/v2\/posts\/3786","targetHints":{"allow":["GET"]}}],"collection":[{"href":"https:\/\/mostra.es\/en\/wp-json\/wp\/v2\/posts"}],"about":[{"href":"https:\/\/mostra.es\/en\/wp-json\/wp\/v2\/types\/post"}],"author":[{"embeddable":true,"href":"https:\/\/mostra.es\/en\/wp-json\/wp\/v2\/users\/1"}],"replies":[{"embeddable":true,"href":"https:\/\/mostra.es\/en\/wp-json\/wp\/v2\/comments?post=3786"}],"version-history":[{"count":0,"href":"https:\/\/mostra.es\/en\/wp-json\/wp\/v2\/posts\/3786\/revisions"}],"wp:featuredmedia":[{"embeddable":true,"href":"https:\/\/mostra.es\/en\/wp-json\/wp\/v2\/media\/3790"}],"wp:attachment":[{"href":"https:\/\/mostra.es\/en\/wp-json\/wp\/v2\/media?parent=3786"}],"wp:term":[{"taxonomy":"category","embeddable":true,"href":"https:\/\/mostra.es\/en\/wp-json\/wp\/v2\/categories?post=3786"},{"taxonomy":"post_tag","embeddable":true,"href":"https:\/\/mostra.es\/en\/wp-json\/wp\/v2\/tags?post=3786"}],"curies":[{"name":"wp","href":"https:\/\/api.w.org\/{rel}","templated":true}]}}