{"id":3596,"date":"2022-04-07T12:18:26","date_gmt":"2022-04-07T12:18:26","guid":{"rendered":"https:\/\/mostra.es\/?p=3596"},"modified":"2022-04-07T12:20:44","modified_gmt":"2022-04-07T12:20:44","slug":"jorge-de-alvarez-paso-noveis-great-designers-xxxi-shows-lace","status":"publish","type":"post","link":"https:\/\/mostra.es\/en\/actualidade\/prensa\/jorge-de-alvarez-paso-noveis-grandes-desenadores-xxxi-mostra-encaixe\/","title":{"rendered":"Jorge de \u00c1lvarez, the transition from Novice to Great Designers crystallizes at the XXXI Camari\u00f1as Lace Exhibition"},"content":{"rendered":"<p>The designer from Viana do Bolo, Jorge de \u00c1lvarez, will take the stage at the XXXI Camari\u00f1as Lace Exhibition, Provincial Council of A Coru\u00f1a, in the Great Designers parade after being the winner of the New Designers competition in 2018.<\/p>\n\n\n\n<p>&quot;I want the newbies to see that a guy like me, who was on their side in the competition, can now be with the big firms and that is very important because goals can be achieved through work and sacrifice,&quot; explains the designer.<\/p>\n\n\n\n<h3 class=\"wp-block-heading\">Winning Royalty Collection at the 2028 Show<\/h3>\n\n\n\n<figure class=\"wp-block-gallery has-nested-images columns-default is-cropped wp-block-gallery-1 is-layout-flex wp-block-gallery-is-layout-flex\">\n<figure class=\"wp-block-image size-large\"><img fetchpriority=\"high\" decoding=\"async\" width=\"800\" height=\"1200\" data-id=\"3598\" src=\"https:\/\/mostra.es\/wp-content\/uploads\/2022\/04\/jorge-de-alvarez-royalty-mostra-1.jpeg\" alt=\"\" class=\"wp-image-3598\" title=\"\" srcset=\"https:\/\/mostra.es\/wp-content\/uploads\/2022\/04\/jorge-de-alvarez-royalty-mostra-1.jpeg 800w, https:\/\/mostra.es\/wp-content\/uploads\/2022\/04\/jorge-de-alvarez-royalty-mostra-1-200x300.jpeg 200w, https:\/\/mostra.es\/wp-content\/uploads\/2022\/04\/jorge-de-alvarez-royalty-mostra-1-683x1024.jpeg 683w, https:\/\/mostra.es\/wp-content\/uploads\/2022\/04\/jorge-de-alvarez-royalty-mostra-1-768x1152.jpeg 768w\" sizes=\"(max-width: 800px) 100vw, 800px\" \/><\/figure>\n\n\n\n<figure class=\"wp-block-image size-large\"><img decoding=\"async\" width=\"1200\" height=\"800\" data-id=\"3599\" src=\"https:\/\/mostra.es\/wp-content\/uploads\/2022\/04\/jorge-de-alvarez-royalty-mostra-2.jpeg\" alt=\"\" class=\"wp-image-3599\" title=\"\" srcset=\"https:\/\/mostra.es\/wp-content\/uploads\/2022\/04\/jorge-de-alvarez-royalty-mostra-2.jpeg 1200w, https:\/\/mostra.es\/wp-content\/uploads\/2022\/04\/jorge-de-alvarez-royalty-mostra-2-300x200.jpeg 300w, https:\/\/mostra.es\/wp-content\/uploads\/2022\/04\/jorge-de-alvarez-royalty-mostra-2-1024x683.jpeg 1024w, https:\/\/mostra.es\/wp-content\/uploads\/2022\/04\/jorge-de-alvarez-royalty-mostra-2-768x512.jpeg 768w\" sizes=\"(max-width: 1200px) 100vw, 1200px\" \/><\/figure>\n\n\n\n<figure class=\"wp-block-image size-large\"><img decoding=\"async\" width=\"800\" height=\"1200\" data-id=\"3600\" src=\"https:\/\/mostra.es\/wp-content\/uploads\/2022\/04\/jorge-de-alvarez-royalty-mostra-4.jpeg\" alt=\"\" class=\"wp-image-3600\" title=\"\" srcset=\"https:\/\/mostra.es\/wp-content\/uploads\/2022\/04\/jorge-de-alvarez-royalty-mostra-4.jpeg 800w, https:\/\/mostra.es\/wp-content\/uploads\/2022\/04\/jorge-de-alvarez-royalty-mostra-4-200x300.jpeg 200w, https:\/\/mostra.es\/wp-content\/uploads\/2022\/04\/jorge-de-alvarez-royalty-mostra-4-683x1024.jpeg 683w, https:\/\/mostra.es\/wp-content\/uploads\/2022\/04\/jorge-de-alvarez-royalty-mostra-4-768x1152.jpeg 768w\" sizes=\"(max-width: 800px) 100vw, 800px\" \/><\/figure>\n\n\n\n<figure class=\"wp-block-image size-large\"><img loading=\"lazy\" decoding=\"async\" width=\"1200\" height=\"800\" data-id=\"3601\" src=\"https:\/\/mostra.es\/wp-content\/uploads\/2022\/04\/jorge-de-alvarez-royalty-mostra-5.jpeg\" alt=\"\" class=\"wp-image-3601\" title=\"\" srcset=\"https:\/\/mostra.es\/wp-content\/uploads\/2022\/04\/jorge-de-alvarez-royalty-mostra-5.jpeg 1200w, https:\/\/mostra.es\/wp-content\/uploads\/2022\/04\/jorge-de-alvarez-royalty-mostra-5-300x200.jpeg 300w, https:\/\/mostra.es\/wp-content\/uploads\/2022\/04\/jorge-de-alvarez-royalty-mostra-5-1024x683.jpeg 1024w, https:\/\/mostra.es\/wp-content\/uploads\/2022\/04\/jorge-de-alvarez-royalty-mostra-5-768x512.jpeg 768w\" sizes=\"(max-width: 1200px) 100vw, 1200px\" \/><\/figure>\n\n\n\n<figure class=\"wp-block-image size-large\"><img loading=\"lazy\" decoding=\"async\" width=\"1200\" height=\"800\" data-id=\"3602\" src=\"https:\/\/mostra.es\/wp-content\/uploads\/2022\/04\/jorge-de-alvarez-royalty-mostra-6.jpeg\" alt=\"\" class=\"wp-image-3602\" title=\"\" srcset=\"https:\/\/mostra.es\/wp-content\/uploads\/2022\/04\/jorge-de-alvarez-royalty-mostra-6.jpeg 1200w, https:\/\/mostra.es\/wp-content\/uploads\/2022\/04\/jorge-de-alvarez-royalty-mostra-6-300x200.jpeg 300w, https:\/\/mostra.es\/wp-content\/uploads\/2022\/04\/jorge-de-alvarez-royalty-mostra-6-1024x683.jpeg 1024w, https:\/\/mostra.es\/wp-content\/uploads\/2022\/04\/jorge-de-alvarez-royalty-mostra-6-768x512.jpeg 768w\" sizes=\"(max-width: 1200px) 100vw, 1200px\" \/><\/figure>\n<\/figure>\n\n\n\n<p>Jorge de \u00c1lvarez, who has been living a very busy past few months after being in charge of dressing the Tanxugueiras for their performance in the contest that gave access to Eurovision, feels \u201chappy because at the Mostra they count on me to be part of the jury and to be able to present my new collection\u201d. \u201cIt is a pride because it was the place where I was born, so to speak\u201d, he confesses.<\/p>\n\n\n\n<p>The collection that he will bring to the Mostra is \u201cabout the personal wars that most people suffer and that are not seen but are there, the costumes are inspired by military clothing from different eras\u201d. He clarifies that \u201cit has been made since November, it has nothing to do with the horrible war conflict that is being experienced in Ukraine\u201d.<\/p>\n\n\n\n<figure class=\"wp-block-gallery has-nested-images columns-default is-cropped wp-block-gallery-2 is-layout-flex wp-block-gallery-is-layout-flex\">\n<figure class=\"wp-block-image size-large\"><img loading=\"lazy\" decoding=\"async\" width=\"683\" height=\"1024\" data-id=\"3603\" src=\"https:\/\/mostra.es\/wp-content\/uploads\/2022\/04\/jorge-de-alvarez-2022-2-683x1024.jpg\" alt=\"\" class=\"wp-image-3603\" title=\"\" srcset=\"https:\/\/mostra.es\/wp-content\/uploads\/2022\/04\/jorge-de-alvarez-2022-2-683x1024.jpg 683w, https:\/\/mostra.es\/wp-content\/uploads\/2022\/04\/jorge-de-alvarez-2022-2-200x300.jpg 200w, https:\/\/mostra.es\/wp-content\/uploads\/2022\/04\/jorge-de-alvarez-2022-2-768x1152.jpg 768w, https:\/\/mostra.es\/wp-content\/uploads\/2022\/04\/jorge-de-alvarez-2022-2.jpg 800w\" sizes=\"(max-width: 683px) 100vw, 683px\" \/><\/figure>\n\n\n\n<figure class=\"wp-block-image size-large\"><img loading=\"lazy\" decoding=\"async\" width=\"683\" height=\"1024\" data-id=\"3604\" src=\"https:\/\/mostra.es\/wp-content\/uploads\/2022\/04\/jorge-de-alvarez-2022-1-683x1024.jpg\" alt=\"\" class=\"wp-image-3604\" title=\"\" srcset=\"https:\/\/mostra.es\/wp-content\/uploads\/2022\/04\/jorge-de-alvarez-2022-1-683x1024.jpg 683w, https:\/\/mostra.es\/wp-content\/uploads\/2022\/04\/jorge-de-alvarez-2022-1-200x300.jpg 200w, https:\/\/mostra.es\/wp-content\/uploads\/2022\/04\/jorge-de-alvarez-2022-1-768x1152.jpg 768w, https:\/\/mostra.es\/wp-content\/uploads\/2022\/04\/jorge-de-alvarez-2022-1.jpg 800w\" sizes=\"(max-width: 683px) 100vw, 683px\" \/><\/figure>\n<\/figure>","protected":false},"excerpt":{"rendered":"<p>It will be the designer&#039;s first participation in the fashion show of major brands after winning the Noveis Dese\u00f1adores competition in 2018. The Viana native, who has just dressed the Tanxugueiras, wants &quot;noveis to see that goals can be achieved through work and sacrifice.&quot;<\/p>","protected":false},"author":1,"featured_media":3597,"comment_status":"open","ping_status":"closed","sticky":false,"template":"","format":"standard","meta":{"footnotes":""},"categories":[10],"tags":[168,174,297,166],"class_list":["post-3596","post","type-post","status-publish","format-standard","has-post-thumbnail","hentry","category-prensa","tag-concurso-de-noveis-desenadores","tag-grandes-desenadores","tag-jorge-de-alvarez","tag-xxxi-mostra-do-encaixe"],"_links":{"self":[{"href":"https:\/\/mostra.es\/en\/wp-json\/wp\/v2\/posts\/3596","targetHints":{"allow":["GET"]}}],"collection":[{"href":"https:\/\/mostra.es\/en\/wp-json\/wp\/v2\/posts"}],"about":[{"href":"https:\/\/mostra.es\/en\/wp-json\/wp\/v2\/types\/post"}],"author":[{"embeddable":true,"href":"https:\/\/mostra.es\/en\/wp-json\/wp\/v2\/users\/1"}],"replies":[{"embeddable":true,"href":"https:\/\/mostra.es\/en\/wp-json\/wp\/v2\/comments?post=3596"}],"version-history":[{"count":0,"href":"https:\/\/mostra.es\/en\/wp-json\/wp\/v2\/posts\/3596\/revisions"}],"wp:featuredmedia":[{"embeddable":true,"href":"https:\/\/mostra.es\/en\/wp-json\/wp\/v2\/media\/3597"}],"wp:attachment":[{"href":"https:\/\/mostra.es\/en\/wp-json\/wp\/v2\/media?parent=3596"}],"wp:term":[{"taxonomy":"category","embeddable":true,"href":"https:\/\/mostra.es\/en\/wp-json\/wp\/v2\/categories?post=3596"},{"taxonomy":"post_tag","embeddable":true,"href":"https:\/\/mostra.es\/en\/wp-json\/wp\/v2\/tags?post=3596"}],"curies":[{"name":"wp","href":"https:\/\/api.w.org\/{rel}","templated":true}]}}