{"id":3587,"date":"2022-04-06T17:49:40","date_gmt":"2022-04-06T17:49:40","guid":{"rendered":"https:\/\/mostra.es\/?p=3587"},"modified":"2022-04-06T17:50:16","modified_gmt":"2022-04-06T17:50:16","slug":"wedding-lace-space-design-wedding-that-premieres-xxxi-shows-lace","status":"publish","type":"post","link":"https:\/\/mostra.es\/en\/actualidade\/blog\/vodaencaixe-espazo-desenar-casamento-que-se-estrea-xxxi-mostra-encaixe\/","title":{"rendered":"&#039;VodaEncaixe&#039;, a space to design your wedding that premieres at the XXXI Camari\u00f1as Lace Exhibition"},"content":{"rendered":"<p>One of the novelties of the XXXI Camari\u00f1as Lace Exhibition of the Provincial Council of A Coru\u00f1a will be the premiere of the &#039;VodaEncaixe&#039; space, an area that will be created inside the pavilion and where couples who wish will be able to fully design their wedding without leaving the premises.<\/p>\n\n\n\n<p>In this corner, attendees will be able to find, from local companies and designer Jose Matte\u00f4s, everything they need to organize a wedding ceremony: dresses from Matte\u00f4s Novias, vehicles from Alebura, Florister\u00eda Alecr\u00edn that applies lace to the bouquets and wedding details, details from Agasalla Encaixe Agasalla Amor and photographic coverage from the hand of <a href=\"https:\/\/diegoalonso.es\/\" target=\"_blank\" rel=\"noreferrer noopener\">Diego Alonso Wedding photographer on the Costa da Morte<\/a>.<\/p>\n\n\n\n<p>In addition, on the wall of the &#039;VodaEncaixe&#039; stand will be the wedding headpieces from the collections presented last year at the &#039;ArtEncaixe&#039; fashion show by artisans Charo L\u00f3pez Atelier, Janet Schulz, Ana Miguens and Viviana Ara\u00fajo.<\/p>\n\n\n\n<p>The councilor of the Mostra, Encarna Li\u00f1eiro, explains that &quot;it serves as a promotion of the great work that local companies do and also provides one more reason to go to the Mostra during Easter for those couples who are thinking about their wedding.&quot;<\/p>","protected":false},"excerpt":{"rendered":"<p>In this corner, attendees will be able to find everything they need for a wedding, from local businesses and designer Jose Matte\u00f4s. In addition to the designer&#039;s wedding dresses, there will be Alebura (vehicles), Agasalle Encaixe Agasalla Amor (details), Diego Alonso Photographer and Florister\u00eda Alecr\u00edn.<\/p>","protected":false},"author":1,"featured_media":3589,"comment_status":"open","ping_status":"closed","sticky":false,"template":"","format":"standard","meta":{"footnotes":""},"categories":[9],"tags":[295,166],"class_list":["post-3587","post","type-post","status-publish","format-standard","has-post-thumbnail","hentry","category-blog","tag-vodaencaixe","tag-xxxi-mostra-do-encaixe"],"_links":{"self":[{"href":"https:\/\/mostra.es\/en\/wp-json\/wp\/v2\/posts\/3587","targetHints":{"allow":["GET"]}}],"collection":[{"href":"https:\/\/mostra.es\/en\/wp-json\/wp\/v2\/posts"}],"about":[{"href":"https:\/\/mostra.es\/en\/wp-json\/wp\/v2\/types\/post"}],"author":[{"embeddable":true,"href":"https:\/\/mostra.es\/en\/wp-json\/wp\/v2\/users\/1"}],"replies":[{"embeddable":true,"href":"https:\/\/mostra.es\/en\/wp-json\/wp\/v2\/comments?post=3587"}],"version-history":[{"count":0,"href":"https:\/\/mostra.es\/en\/wp-json\/wp\/v2\/posts\/3587\/revisions"}],"wp:featuredmedia":[{"embeddable":true,"href":"https:\/\/mostra.es\/en\/wp-json\/wp\/v2\/media\/3589"}],"wp:attachment":[{"href":"https:\/\/mostra.es\/en\/wp-json\/wp\/v2\/media?parent=3587"}],"wp:term":[{"taxonomy":"category","embeddable":true,"href":"https:\/\/mostra.es\/en\/wp-json\/wp\/v2\/categories?post=3587"},{"taxonomy":"post_tag","embeddable":true,"href":"https:\/\/mostra.es\/en\/wp-json\/wp\/v2\/tags?post=3587"}],"curies":[{"name":"wp","href":"https:\/\/api.w.org\/{rel}","templated":true}]}}