{"id":3493,"date":"2022-04-05T08:52:16","date_gmt":"2022-04-05T08:52:16","guid":{"rendered":"https:\/\/mostra.es\/?p=3493"},"modified":"2022-04-05T09:07:26","modified_gmt":"2022-04-05T09:07:26","slug":"esteban-freiria-returns-home-xxxi-sample-of-dressing-room-lace","status":"publish","type":"post","link":"https:\/\/mostra.es\/en\/actualidade\/prensa\/esteban-freiria-vuelve-a-casa-xxxi-mostra-do-encaixe-camarinas\/","title":{"rendered":"Esteban Freir\u00eda \u201creturns home\u201d to participate in the XXXI Camari\u00f1as Lace Exhibition"},"content":{"rendered":"<p>Galician designer Esteban Freir\u00eda, born in Vigo but based in Marbella where he has lived for more than two decades, will participate in the XXXI Camari\u00f1as Lace Exhibition, Provincial Council of A Coru\u00f1a. \u201cThe Exhibition is about coming home, to my own, to my old friends and some new ones,\u201d he highlights.<\/p>\n\n\n\n<p>This will be his eighth participation in the Show, an event for which he has nothing but good words, as well as for the lace. &quot;It fits and I have a fight, I want something so elegant and classic to have a new vision, to give it a new approach and to keep its identity&quot;, he explains, while confessing that &quot;sometimes it&#039;s quite difficult&quot;.<\/p>\n\n\n\n<h3 class=\"wp-block-heading\">Esteban Freir\u00eda&#039;s fashion show at the XXX Lace Fair<\/h3>\n\n\n\n<figure class=\"wp-block-gallery has-nested-images columns-default is-cropped wp-block-gallery-1 is-layout-flex wp-block-gallery-is-layout-flex\">\n<figure class=\"wp-block-image size-large\"><img fetchpriority=\"high\" decoding=\"async\" width=\"800\" height=\"1200\" data-id=\"3500\" src=\"https:\/\/mostra.es\/wp-content\/uploads\/2022\/04\/desfile.esteban-freiria-xxx-mostra-encaixe-1.jpeg\" alt=\"\" class=\"wp-image-3500\" title=\"\" srcset=\"https:\/\/mostra.es\/wp-content\/uploads\/2022\/04\/desfile.esteban-freiria-xxx-mostra-encaixe-1.jpeg 800w, https:\/\/mostra.es\/wp-content\/uploads\/2022\/04\/desfile.esteban-freiria-xxx-mostra-encaixe-1-200x300.jpeg 200w, https:\/\/mostra.es\/wp-content\/uploads\/2022\/04\/desfile.esteban-freiria-xxx-mostra-encaixe-1-683x1024.jpeg 683w, https:\/\/mostra.es\/wp-content\/uploads\/2022\/04\/desfile.esteban-freiria-xxx-mostra-encaixe-1-768x1152.jpeg 768w\" sizes=\"(max-width: 800px) 100vw, 800px\" \/><\/figure>\n\n\n\n<figure class=\"wp-block-image size-large\"><img decoding=\"async\" width=\"800\" height=\"1200\" data-id=\"3501\" src=\"https:\/\/mostra.es\/wp-content\/uploads\/2022\/04\/desfile.esteban-freiria-xxx-mostra-encaixe-2.jpeg\" alt=\"\" class=\"wp-image-3501\" title=\"\" srcset=\"https:\/\/mostra.es\/wp-content\/uploads\/2022\/04\/desfile.esteban-freiria-xxx-mostra-encaixe-2.jpeg 800w, https:\/\/mostra.es\/wp-content\/uploads\/2022\/04\/desfile.esteban-freiria-xxx-mostra-encaixe-2-200x300.jpeg 200w, https:\/\/mostra.es\/wp-content\/uploads\/2022\/04\/desfile.esteban-freiria-xxx-mostra-encaixe-2-683x1024.jpeg 683w, https:\/\/mostra.es\/wp-content\/uploads\/2022\/04\/desfile.esteban-freiria-xxx-mostra-encaixe-2-768x1152.jpeg 768w\" sizes=\"(max-width: 800px) 100vw, 800px\" \/><\/figure>\n\n\n\n<figure class=\"wp-block-image size-large\"><img decoding=\"async\" width=\"800\" height=\"1200\" data-id=\"3502\" src=\"https:\/\/mostra.es\/wp-content\/uploads\/2022\/04\/desfile.esteban-freiria-xxx-mostra-encaixe-3.jpeg\" alt=\"\" class=\"wp-image-3502\" title=\"\" srcset=\"https:\/\/mostra.es\/wp-content\/uploads\/2022\/04\/desfile.esteban-freiria-xxx-mostra-encaixe-3.jpeg 800w, https:\/\/mostra.es\/wp-content\/uploads\/2022\/04\/desfile.esteban-freiria-xxx-mostra-encaixe-3-200x300.jpeg 200w, https:\/\/mostra.es\/wp-content\/uploads\/2022\/04\/desfile.esteban-freiria-xxx-mostra-encaixe-3-683x1024.jpeg 683w, https:\/\/mostra.es\/wp-content\/uploads\/2022\/04\/desfile.esteban-freiria-xxx-mostra-encaixe-3-768x1152.jpeg 768w\" sizes=\"(max-width: 800px) 100vw, 800px\" \/><\/figure>\n\n\n\n<figure class=\"wp-block-image size-large\"><img loading=\"lazy\" decoding=\"async\" width=\"800\" height=\"1200\" data-id=\"3503\" src=\"https:\/\/mostra.es\/wp-content\/uploads\/2022\/04\/desfile.esteban-freiria-xxx-mostra-encaixe-4.jpeg\" alt=\"\" class=\"wp-image-3503\" title=\"\" srcset=\"https:\/\/mostra.es\/wp-content\/uploads\/2022\/04\/desfile.esteban-freiria-xxx-mostra-encaixe-4.jpeg 800w, https:\/\/mostra.es\/wp-content\/uploads\/2022\/04\/desfile.esteban-freiria-xxx-mostra-encaixe-4-200x300.jpeg 200w, https:\/\/mostra.es\/wp-content\/uploads\/2022\/04\/desfile.esteban-freiria-xxx-mostra-encaixe-4-683x1024.jpeg 683w, https:\/\/mostra.es\/wp-content\/uploads\/2022\/04\/desfile.esteban-freiria-xxx-mostra-encaixe-4-768x1152.jpeg 768w\" sizes=\"(max-width: 800px) 100vw, 800px\" \/><\/figure>\n\n\n\n<figure class=\"wp-block-image size-large\"><img loading=\"lazy\" decoding=\"async\" width=\"800\" height=\"1200\" data-id=\"3504\" src=\"https:\/\/mostra.es\/wp-content\/uploads\/2022\/04\/desfile.esteban-freiria-xxx-mostra-encaixe-5.jpeg\" alt=\"\" class=\"wp-image-3504\" title=\"\" srcset=\"https:\/\/mostra.es\/wp-content\/uploads\/2022\/04\/desfile.esteban-freiria-xxx-mostra-encaixe-5.jpeg 800w, https:\/\/mostra.es\/wp-content\/uploads\/2022\/04\/desfile.esteban-freiria-xxx-mostra-encaixe-5-200x300.jpeg 200w, https:\/\/mostra.es\/wp-content\/uploads\/2022\/04\/desfile.esteban-freiria-xxx-mostra-encaixe-5-683x1024.jpeg 683w, https:\/\/mostra.es\/wp-content\/uploads\/2022\/04\/desfile.esteban-freiria-xxx-mostra-encaixe-5-768x1152.jpeg 768w\" sizes=\"(max-width: 800px) 100vw, 800px\" \/><\/figure>\n\n\n\n<figure class=\"wp-block-image size-large\"><img loading=\"lazy\" decoding=\"async\" width=\"800\" height=\"1200\" data-id=\"3505\" src=\"https:\/\/mostra.es\/wp-content\/uploads\/2022\/04\/desfile.esteban-freiria-xxx-mostra-encaixe-6.jpeg\" alt=\"\" class=\"wp-image-3505\" title=\"\" srcset=\"https:\/\/mostra.es\/wp-content\/uploads\/2022\/04\/desfile.esteban-freiria-xxx-mostra-encaixe-6.jpeg 800w, https:\/\/mostra.es\/wp-content\/uploads\/2022\/04\/desfile.esteban-freiria-xxx-mostra-encaixe-6-200x300.jpeg 200w, https:\/\/mostra.es\/wp-content\/uploads\/2022\/04\/desfile.esteban-freiria-xxx-mostra-encaixe-6-683x1024.jpeg 683w, https:\/\/mostra.es\/wp-content\/uploads\/2022\/04\/desfile.esteban-freiria-xxx-mostra-encaixe-6-768x1152.jpeg 768w\" sizes=\"(max-width: 800px) 100vw, 800px\" \/><\/figure>\n\n\n\n<figure class=\"wp-block-image size-large\"><img loading=\"lazy\" decoding=\"async\" width=\"1200\" height=\"800\" data-id=\"3506\" src=\"https:\/\/mostra.es\/wp-content\/uploads\/2022\/04\/desfile.esteban-freiria-xxx-mostra-encaixe-7.jpeg\" alt=\"\" class=\"wp-image-3506\" title=\"\" srcset=\"https:\/\/mostra.es\/wp-content\/uploads\/2022\/04\/desfile.esteban-freiria-xxx-mostra-encaixe-7.jpeg 1200w, https:\/\/mostra.es\/wp-content\/uploads\/2022\/04\/desfile.esteban-freiria-xxx-mostra-encaixe-7-300x200.jpeg 300w, https:\/\/mostra.es\/wp-content\/uploads\/2022\/04\/desfile.esteban-freiria-xxx-mostra-encaixe-7-1024x683.jpeg 1024w, https:\/\/mostra.es\/wp-content\/uploads\/2022\/04\/desfile.esteban-freiria-xxx-mostra-encaixe-7-768x512.jpeg 768w\" sizes=\"(max-width: 1200px) 100vw, 1200px\" \/><\/figure>\n\n\n\n<figure class=\"wp-block-image size-large\"><img loading=\"lazy\" decoding=\"async\" width=\"1200\" height=\"800\" data-id=\"3507\" src=\"https:\/\/mostra.es\/wp-content\/uploads\/2022\/04\/desfile.esteban-freiria-xxx-mostra-encaixe-8.jpeg\" alt=\"\" class=\"wp-image-3507\" title=\"\" srcset=\"https:\/\/mostra.es\/wp-content\/uploads\/2022\/04\/desfile.esteban-freiria-xxx-mostra-encaixe-8.jpeg 1200w, https:\/\/mostra.es\/wp-content\/uploads\/2022\/04\/desfile.esteban-freiria-xxx-mostra-encaixe-8-300x200.jpeg 300w, https:\/\/mostra.es\/wp-content\/uploads\/2022\/04\/desfile.esteban-freiria-xxx-mostra-encaixe-8-1024x683.jpeg 1024w, https:\/\/mostra.es\/wp-content\/uploads\/2022\/04\/desfile.esteban-freiria-xxx-mostra-encaixe-8-768x512.jpeg 768w\" sizes=\"(max-width: 1200px) 100vw, 1200px\" \/><\/figure>\n<\/figure>\n\n\n\n<p>At the XXXI Mostra do Encaixe, he will present a collection entitled &#039;Ol\u00e9o y Arena&#039;, which he defines as an &quot;inspiration from Picasso&#039;s paintings&quot; and says that &quot;it will have a staging very similar to Goya&#039;s&quot;. &quot;You will see lace painted in oil, watercolor, pen... and other techniques used by Picasso, as well as games of volume and color,&quot; he confesses.<\/p>\n\n\n\n<p>Esteban Freir\u00eda encourages you to go to the Mostra during Holy Week and take the opportunity to get to know Camari\u00f1as because &quot;it&#039;s worth it just for the enclave&quot;. Regarding the chopstick event, he points out that &quot;the public is loyal, the parades are very enjoyable and it is not burdensome for the visitor&quot;.<\/p>\n\n\n\n<h3 class=\"wp-block-heading\">&quot;Oil and Sand&quot; collection by Esteban Freir\u00eda<\/h3>\n\n\n\n<figure class=\"wp-block-gallery has-nested-images columns-default is-cropped wp-block-gallery-2 is-layout-flex wp-block-gallery-is-layout-flex\">\n<figure class=\"wp-block-image size-large\"><img loading=\"lazy\" decoding=\"async\" width=\"1080\" height=\"1080\" data-id=\"3494\" src=\"https:\/\/mostra.es\/wp-content\/uploads\/2022\/04\/esteban-freiria-mostra-2022-1.jpeg\" alt=\"\" class=\"wp-image-3494\" title=\"\" srcset=\"https:\/\/mostra.es\/wp-content\/uploads\/2022\/04\/esteban-freiria-mostra-2022-1.jpeg 1080w, https:\/\/mostra.es\/wp-content\/uploads\/2022\/04\/esteban-freiria-mostra-2022-1-300x300.jpeg 300w, https:\/\/mostra.es\/wp-content\/uploads\/2022\/04\/esteban-freiria-mostra-2022-1-1024x1024.jpeg 1024w, https:\/\/mostra.es\/wp-content\/uploads\/2022\/04\/esteban-freiria-mostra-2022-1-150x150.jpeg 150w, https:\/\/mostra.es\/wp-content\/uploads\/2022\/04\/esteban-freiria-mostra-2022-1-768x768.jpeg 768w\" sizes=\"(max-width: 1080px) 100vw, 1080px\" \/><\/figure>\n\n\n\n<figure class=\"wp-block-image size-large\"><img loading=\"lazy\" decoding=\"async\" width=\"1080\" height=\"1080\" data-id=\"3495\" src=\"https:\/\/mostra.es\/wp-content\/uploads\/2022\/04\/esteban-freiria-mostra-2022-2.jpeg\" alt=\"\" class=\"wp-image-3495\" title=\"\" srcset=\"https:\/\/mostra.es\/wp-content\/uploads\/2022\/04\/esteban-freiria-mostra-2022-2.jpeg 1080w, https:\/\/mostra.es\/wp-content\/uploads\/2022\/04\/esteban-freiria-mostra-2022-2-300x300.jpeg 300w, https:\/\/mostra.es\/wp-content\/uploads\/2022\/04\/esteban-freiria-mostra-2022-2-1024x1024.jpeg 1024w, https:\/\/mostra.es\/wp-content\/uploads\/2022\/04\/esteban-freiria-mostra-2022-2-150x150.jpeg 150w, https:\/\/mostra.es\/wp-content\/uploads\/2022\/04\/esteban-freiria-mostra-2022-2-768x768.jpeg 768w\" sizes=\"(max-width: 1080px) 100vw, 1080px\" \/><\/figure>\n\n\n\n<figure class=\"wp-block-image size-large\"><img loading=\"lazy\" decoding=\"async\" width=\"1808\" height=\"2048\" data-id=\"3496\" src=\"https:\/\/mostra.es\/wp-content\/uploads\/2022\/04\/esteban-freiria-mostra-2022-3.jpeg\" alt=\"\" class=\"wp-image-3496\" title=\"\" srcset=\"https:\/\/mostra.es\/wp-content\/uploads\/2022\/04\/esteban-freiria-mostra-2022-3.jpeg 1808w, https:\/\/mostra.es\/wp-content\/uploads\/2022\/04\/esteban-freiria-mostra-2022-3-265x300.jpeg 265w, https:\/\/mostra.es\/wp-content\/uploads\/2022\/04\/esteban-freiria-mostra-2022-3-904x1024.jpeg 904w, https:\/\/mostra.es\/wp-content\/uploads\/2022\/04\/esteban-freiria-mostra-2022-3-768x870.jpeg 768w, https:\/\/mostra.es\/wp-content\/uploads\/2022\/04\/esteban-freiria-mostra-2022-3-1356x1536.jpeg 1356w\" sizes=\"(max-width: 1808px) 100vw, 1808px\" \/><\/figure>\n\n\n\n<figure class=\"wp-block-image size-large\"><img loading=\"lazy\" decoding=\"async\" width=\"1050\" height=\"1080\" data-id=\"3497\" src=\"https:\/\/mostra.es\/wp-content\/uploads\/2022\/04\/esteban-freiria-mostra-2022-4.jpeg\" alt=\"\" class=\"wp-image-3497\" title=\"\" srcset=\"https:\/\/mostra.es\/wp-content\/uploads\/2022\/04\/esteban-freiria-mostra-2022-4.jpeg 1050w, https:\/\/mostra.es\/wp-content\/uploads\/2022\/04\/esteban-freiria-mostra-2022-4-292x300.jpeg 292w, https:\/\/mostra.es\/wp-content\/uploads\/2022\/04\/esteban-freiria-mostra-2022-4-996x1024.jpeg 996w, https:\/\/mostra.es\/wp-content\/uploads\/2022\/04\/esteban-freiria-mostra-2022-4-768x790.jpeg 768w\" sizes=\"(max-width: 1050px) 100vw, 1050px\" \/><\/figure>\n<\/figure>\n\n\n\n<h3 class=\"wp-block-heading\">Interview with Esteban Freir\u00eda at the XXX Mostra<\/h3>\n\n\n\n<figure class=\"wp-block-embed is-type-video is-provider-youtube wp-block-embed-youtube wp-embed-aspect-16-9 wp-has-aspect-ratio\"><div class=\"wp-block-embed__wrapper\">\nhttps:\/\/www.youtube.com\/watch?v=38ERym_FYvk\n<\/div><\/figure>","protected":false},"excerpt":{"rendered":"<p>The Galician designer, based in Marbella, will repeat at the Show for the eighth consecutive year. He added that his collection, &#039;\u00d3leo y Arena&#039;, &quot;will be inspired by Picasso&#039;s paintings and will have a staging very similar to Goya&#039;s&quot;.<\/p>","protected":false},"author":1,"featured_media":3498,"comment_status":"open","ping_status":"closed","sticky":false,"template":"","format":"standard","meta":{"footnotes":""},"categories":[10],"tags":[104,174,237,166],"class_list":["post-3493","post","type-post","status-publish","format-standard","has-post-thumbnail","hentry","category-prensa","tag-esteban-freiria","tag-grandes-desenadores","tag-pasarela-da-mostra","tag-xxxi-mostra-do-encaixe"],"_links":{"self":[{"href":"https:\/\/mostra.es\/en\/wp-json\/wp\/v2\/posts\/3493","targetHints":{"allow":["GET"]}}],"collection":[{"href":"https:\/\/mostra.es\/en\/wp-json\/wp\/v2\/posts"}],"about":[{"href":"https:\/\/mostra.es\/en\/wp-json\/wp\/v2\/types\/post"}],"author":[{"embeddable":true,"href":"https:\/\/mostra.es\/en\/wp-json\/wp\/v2\/users\/1"}],"replies":[{"embeddable":true,"href":"https:\/\/mostra.es\/en\/wp-json\/wp\/v2\/comments?post=3493"}],"version-history":[{"count":0,"href":"https:\/\/mostra.es\/en\/wp-json\/wp\/v2\/posts\/3493\/revisions"}],"wp:featuredmedia":[{"embeddable":true,"href":"https:\/\/mostra.es\/en\/wp-json\/wp\/v2\/media\/3498"}],"wp:attachment":[{"href":"https:\/\/mostra.es\/en\/wp-json\/wp\/v2\/media?parent=3493"}],"wp:term":[{"taxonomy":"category","embeddable":true,"href":"https:\/\/mostra.es\/en\/wp-json\/wp\/v2\/categories?post=3493"},{"taxonomy":"post_tag","embeddable":true,"href":"https:\/\/mostra.es\/en\/wp-json\/wp\/v2\/tags?post=3493"}],"curies":[{"name":"wp","href":"https:\/\/api.w.org\/{rel}","templated":true}]}}