{"id":322,"date":"2020-01-20T06:53:02","date_gmt":"2020-01-20T06:53:02","guid":{"rendered":"https:\/\/mostradoencaixe.es\/?p=322"},"modified":"2020-01-24T20:54:41","modified_gmt":"2020-01-24T20:54:41","slug":"presented-fitur-xxx-shows-dressing-room-lace-2020","status":"publish","type":"post","link":"https:\/\/mostra.es\/en\/actualidade\/prensa\/presentada-fitur-xxx-mostra-encaixe-camarinas-2020\/","title":{"rendered":"Presented at FITUR the XXX Mostra do Encaixe"},"content":{"rendered":"<p>The International Tourism Fair (FITUR) that is being held these days in IFEMA (Madrid) was the place chosen by the City Council of Camari\u00f1as to present the XXX edition of the Lace Fair, which will be held from April 8 to 12 and which aims to break stereotypes from the very beginning. The edition that will mark the three decades of life of this event will not be just another one since the organization decided to break with the typical image that is held of lace, an ancient art wrongly associated with women&#039;s clothing, and used a male model as the image of the poster and the official spot for this year.<\/p>\n\n\n\n<p>The mayor of Camari\u00f1as, Sandra Insua, managed to differentiate this event that spreads the name of Camari\u00f1as and the Costa da Morte around the world by obtaining a space at the Turespa\u00f1a stand to be able to carry out the presentation of such a significant edition as this one.<\/p>\n\n\n\n<p>There, Sandra Insua highlighted that \u201cthis event was born with the aim of highlighting a key element of Camari\u00f1as as a town and as a community and has far exceeded that objective\u201d since \u201cthe Mostra is internationally known, it is a reference fashion event in Galicia and Spain, and every year delegations arrive from all over the world who are amazed by the art of our palilleiras, who create magic with their hands\u201d.<\/p>\n\n\n\n<blockquote class=\"wp-block-quote is-layout-flow wp-block-quote-is-layout-flow\"><p>International model Dami\u00e1n \u00c1lvarez (Magro-Vimianzo) is the protagonist of a 100% poster made by a team made up entirely of professionals from the Costa da Morte<\/p><\/blockquote>\n\n\n\n<p>Furthermore, he stressed that &quot;the essence of the first Camari\u00f1as Lace Exhibition remains intact. Times change, fashions pass but the essence is maintained and transmitted from generation to generation, it is something non-negotiable.&quot;<\/p>\n\n\n\n<p>\u201cAs mayor of Camari\u00f1as, it is a source of pride for me to have the responsibility of organizing the thirtieth edition of the Lace Exhibition and to continue promoting and disseminating this tradition year after year,\u201d concluded Insua.<\/p>\n\n\n\n<figure class=\"wp-block-image size-large is-style-default\"><img fetchpriority=\"high\" decoding=\"async\" width=\"731\" height=\"1024\" src=\"https:\/\/mostra.es\/wp-content\/uploads\/2020\/01\/cartel-xxx-mostra-encaixe-camarinas-2020-1-731x1024.jpg\" alt=\"Poster for the XXX Camari\u00f1as Lace Festival starring Dami\u00e1n \u00c1lvarez and original idea by Diego Alonso Freire\" class=\"wp-image-569\" title=\"\" srcset=\"https:\/\/mostra.es\/wp-content\/uploads\/2020\/01\/cartel-xxx-mostra-encaixe-camarinas-2020-1-731x1024.jpg 731w, https:\/\/mostra.es\/wp-content\/uploads\/2020\/01\/cartel-xxx-mostra-encaixe-camarinas-2020-1-214x300.jpg 214w, https:\/\/mostra.es\/wp-content\/uploads\/2020\/01\/cartel-xxx-mostra-encaixe-camarinas-2020-1-768x1075.jpg 768w, https:\/\/mostra.es\/wp-content\/uploads\/2020\/01\/cartel-xxx-mostra-encaixe-camarinas-2020-1.jpg 800w\" sizes=\"(max-width: 731px) 100vw, 731px\" \/><figcaption>Poster for the XXX Camari\u00f1as Lace Exhibition<\/figcaption><\/figure>","protected":false},"excerpt":{"rendered":"<p>The poster for the XXX Camari\u00f1as Lace Festival stars the international model from the Costa da Morte, Dam\u00edan \u00c1lvarez. A clear commitment to the universalization of Camari\u00f1as Lace<\/p>","protected":false},"author":1,"featured_media":572,"comment_status":"closed","ping_status":"closed","sticky":false,"template":"","format":"standard","meta":{"footnotes":""},"categories":[10],"tags":[15,16,19,14],"class_list":["post-322","post","type-post","status-publish","format-standard","has-post-thumbnail","hentry","category-prensa","tag-cartel-mostra","tag-damian-alvarez","tag-fitur","tag-xxx-mostra-do-encaixe"],"_links":{"self":[{"href":"https:\/\/mostra.es\/en\/wp-json\/wp\/v2\/posts\/322","targetHints":{"allow":["GET"]}}],"collection":[{"href":"https:\/\/mostra.es\/en\/wp-json\/wp\/v2\/posts"}],"about":[{"href":"https:\/\/mostra.es\/en\/wp-json\/wp\/v2\/types\/post"}],"author":[{"embeddable":true,"href":"https:\/\/mostra.es\/en\/wp-json\/wp\/v2\/users\/1"}],"replies":[{"embeddable":true,"href":"https:\/\/mostra.es\/en\/wp-json\/wp\/v2\/comments?post=322"}],"version-history":[{"count":0,"href":"https:\/\/mostra.es\/en\/wp-json\/wp\/v2\/posts\/322\/revisions"}],"wp:featuredmedia":[{"embeddable":true,"href":"https:\/\/mostra.es\/en\/wp-json\/wp\/v2\/media\/572"}],"wp:attachment":[{"href":"https:\/\/mostra.es\/en\/wp-json\/wp\/v2\/media?parent=322"}],"wp:term":[{"taxonomy":"category","embeddable":true,"href":"https:\/\/mostra.es\/en\/wp-json\/wp\/v2\/categories?post=322"},{"taxonomy":"post_tag","embeddable":true,"href":"https:\/\/mostra.es\/en\/wp-json\/wp\/v2\/tags?post=322"}],"curies":[{"name":"wp","href":"https:\/\/api.w.org\/{rel}","templated":true}]}}