{"id":3052,"date":"2021-10-11T15:19:18","date_gmt":"2021-10-11T15:19:18","guid":{"rendered":"https:\/\/mostra.es\/?p=3052"},"modified":"2021-10-11T15:19:21","modified_gmt":"2021-10-11T15:19:21","slug":"camarinas-rewards-the-career-of-four-palilleras-who-participated-in-the-30th-edition-of-the-lace-exhibition","status":"publish","type":"post","link":"https:\/\/mostra.es\/en\/actualidade\/prensa\/camarinas-premia-a-traxectoria-de-catro-palilleiras-que-participaron-nas-30-edicions-da-mostra-do-encaixe\/","title":{"rendered":"Camari\u00f1as rewards the career of four lacemakers who participated in the 30th edition of the Mostra do Encaixe"},"content":{"rendered":"<p>A lifetime of participating in the Camari\u00f1as Lace Show has a prize from the Provincial Council of A Coru\u00f1a. And if not, ask Carmen Carrera, Matilde Isabel Garc\u00eda, Mar\u00eda Rosa Li\u00f1eiro and Carmen Bugallo, who received recognition from the City Council this morning for having participated in the 30 editions of the event.<\/p>\n\n\n\n<p>The presentation of diplomas and gifts to the lace makers was carried out by the councilor for Encaixe, Encarna Li\u00f1eiro, the councilor for Works, Sergio Caama\u00f1o, the councilor for Equality, Bego\u00f1a Tajes, the councilor for Sports, Fabi\u00e1n Canosa, and the head of Commerce, Lara Pasantes. During her speech, Li\u00f1eiro praised the work of the lace makers, which she defined as \u201cthe most important piece in all editions of the Mostra do Encaixe\u201d. For their part, the honorees agreed to point out the \u201cimportance that the event, in general, and lace, in particular, have in their lives.<\/p>\n\n\n\n<figure class=\"wp-block-embed is-type-video is-provider-youtube wp-block-embed-youtube wp-embed-aspect-16-9 wp-has-aspect-ratio\"><div class=\"wp-block-embed__wrapper\">\n<iframe title=\"Interview with international model Dami\u00e1n \u00c1lvarez\" width=\"800\" height=\"450\" src=\"https:\/\/www.youtube.com\/embed\/ba1tWJXgf3M?feature=oembed\" frameborder=\"0\" allow=\"accelerometer; autoplay; clipboard-write; encrypted-media; gyroscope; picture-in-picture\" allowfullscreen><\/iframe>\n<\/div><\/figure>\n\n\n\n<h2 class=\"wp-block-heading\">Afternoon activities at XXX Mostra<\/h2>\n\n\n\n<p>The fourth day of the Camari\u00f1as Lace Fair of the Provincial Council of A Coru\u00f1a is full of activity. The Provincial Council of A Coru\u00f1a catwalk will host, at 5:00 p.m. and 6:30 p.m., the New Designers&#039; fashion shows, which will be attended by the jury of this edition, made up of several renowned designers: Dolores Cort\u00e9s, who will act as president, Charo Carrillo, Edith del Valle, Claudina Mata, In\u00e9s Fern\u00e1ndez and Esteban Freir\u00eda.<\/p>\n\n\n\n<p>The closing ceremony on Monday, October 11, will take place at 8:00 p.m. with a meeting between great and new designers.<\/p>","protected":false},"excerpt":{"rendered":"<p>Carmen Carrera, Matilde Isabel Garc\u00eda, Mar\u00eda Rosa Li\u00f1eiro and Carmen Bugallo received this recognition. The councilor of Encaixe, Encarna Li\u00f1eiro, praised the figure of the lacemakers, who she described as \u201cthe most important piece\u201d.<\/p>","protected":false},"author":1,"featured_media":3054,"comment_status":"open","ping_status":"closed","sticky":false,"template":"","format":"standard","meta":{"footnotes":""},"categories":[10],"tags":[20,14],"class_list":["post-3052","post","type-post","status-publish","format-standard","has-post-thumbnail","hentry","category-prensa","tag-encarna-lineiro","tag-xxx-mostra-do-encaixe"],"_links":{"self":[{"href":"https:\/\/mostra.es\/en\/wp-json\/wp\/v2\/posts\/3052","targetHints":{"allow":["GET"]}}],"collection":[{"href":"https:\/\/mostra.es\/en\/wp-json\/wp\/v2\/posts"}],"about":[{"href":"https:\/\/mostra.es\/en\/wp-json\/wp\/v2\/types\/post"}],"author":[{"embeddable":true,"href":"https:\/\/mostra.es\/en\/wp-json\/wp\/v2\/users\/1"}],"replies":[{"embeddable":true,"href":"https:\/\/mostra.es\/en\/wp-json\/wp\/v2\/comments?post=3052"}],"version-history":[{"count":0,"href":"https:\/\/mostra.es\/en\/wp-json\/wp\/v2\/posts\/3052\/revisions"}],"wp:featuredmedia":[{"embeddable":true,"href":"https:\/\/mostra.es\/en\/wp-json\/wp\/v2\/media\/3054"}],"wp:attachment":[{"href":"https:\/\/mostra.es\/en\/wp-json\/wp\/v2\/media?parent=3052"}],"wp:term":[{"taxonomy":"category","embeddable":true,"href":"https:\/\/mostra.es\/en\/wp-json\/wp\/v2\/categories?post=3052"},{"taxonomy":"post_tag","embeddable":true,"href":"https:\/\/mostra.es\/en\/wp-json\/wp\/v2\/tags?post=3052"}],"curies":[{"name":"wp","href":"https:\/\/api.w.org\/{rel}","templated":true}]}}