{"id":2380,"date":"2021-03-30T18:18:48","date_gmt":"2021-03-30T18:18:48","guid":{"rendered":"https:\/\/mostra.es\/?p=2380"},"modified":"2021-03-30T18:19:53","modified_gmt":"2021-03-30T18:19:53","slug":"stands-2-virtual-show-spread-offers","status":"publish","type":"post","link":"https:\/\/mostra.es\/en\/actualidade\/prensa\/stands-2-mostra-virtual-difundir-ofertas\/","title":{"rendered":"The stands of the II Virtual Exhibition begin to publicize their special offers for the event"},"content":{"rendered":"<p>The main objective of this second virtual edition of the Camari\u00f1as Lace Fair of the Provincial Council of A Coru\u00f1a is the commercialization of lace and, pursuing that goal, today the stands participating in this event begin to disseminate their special offers, which will remain valid until Sunday, April 4.<\/p>\n\n\n\n<p>The 12 stands that are participating and that are offering their lace products are: Arte en palla, Asociaci\u00f3n Puntillas, Asociaci\u00f3n Rendas, Bolillos, Encaixes Arjomil, Encaixes Gelina, Encaixes Lucita, Fiando Miudo, Jataparda, Mi\u00f1amena, Nemanqui\u00f1as and Recanto do Encaixe.<\/p>\n\n\n\n<p>On the Facebook page of the Camari\u00f1as Lace Exhibition, and also on the website www.mostra.es, the products offered are explained and photos are included so that interested people can also see them. In addition, each of the stores provides different payment methods and shipping methods to make the purchase easier.<\/p>\n\n\n\n<h3 class=\"wp-block-heading\">II Virtual Exhibition<\/h3>\n\n\n\n<p>Until Sunday, April 4, the second virtual edition of the Camari\u00f1as Lace Exhibition of the Provincial Council of A Coru\u00f1a will take place, which presents new features compared to last year and on this occasion will change its operation to focus on the commercialization of lace and the publication of the collections of the Young Designers competition in different tourist enclaves in the municipality.<\/p>\n\n\n\n<p>From tomorrow, Wednesday 31 March, viewers will be able to watch the videos of the collections of the XXVII Young Designers competition. Many of these were recorded by students of the Degree in Audiovisual Communication of the University of A Coru\u00f1a (UDC) in different locations of the municipality and with local models as protagonists. The palilleras, the girls from the palillo schools or the volunteers will also have their own space, among others.<\/p>\n\n\n\n<p>Also tomorrow, Wednesday, at 11 am, the exhibition &#039;Palilleiras: present and future&#039; will be inaugurated in the Plaza de la Insuela. This is a small tribute to the work and effort of the palilleiras who, generation after generation, make the Encaixe de Camari\u00f1as a unique art in the world. The photographs of the 22 totems that will be installed are part of a project carried out in December 2019 by Ana Garc\u00eda, photographer for Voz de Galicia. This exhibition is expected to remain in the plaza until October.<\/p>\n\n\n\n<p>The closing ceremony will be on Sunday and will be led by the director of the Mostra, Dolores Lema, and the councilor of the Mostra, Encarna Li\u00f1eiro. In addition, there will also be space for music since Grupo Jaque wanted to be part of this event with their own version of the well-known song &#039;Camari\u00f1as&#039;.<\/p>\n\n\n\n<p>The broadcasting platforms for the second edition of the Virtual Mostra will mainly be the Mostra Facebook page (@MostradoEncaixe) and there will also be content on Instagram (@Mostraencaixemarinas) and on the Youtube channel (@Mostradoencaixe).<\/p>\n\n\n\n<h3 class=\"wp-block-heading\">Young Designers Contest<\/h3>\n\n\n\n<p>The 24 collections that will participate in this II Virtual Show are: &#039;Black Tide&#039;, &#039;Carrera de Indias&#039;, &#039;Daquela que cantan as pombas i as frores&#039;, &#039;D\u00e9jame encajar&#039;, &#039;Denantes mortas que esclavas&#039;, &#039;Enjebre i tradi\u00e7\u00e3o&#039;, &#039;Enjebre II&#039;, &#039;Estimulos&#039;, &#039;Evol&#039;, &#039;Femme&#039;, &#039;Fossil&#039;, &#039;Honey, Bee Free&#039;, &#039;Leo&#039;, &#039;Matista&#039;, &#039;Passaris&#039;, &#039;Samantha&#039;, &#039;Sea Lung&#039;, &#039;Suspiros Flamencos&#039;, &#039;The Beautiful Brut&#039;, &#039;The Blue Horse&#039;, &#039;Tira y afloja&#039;, &#039;Un paseo sereno&#039;, &#039;Victoria&#039; and &#039;Zeistmaschine&#039;.<\/p>\n\n\n\n<figure class=\"wp-block-embed is-type-video is-provider-youtube wp-block-embed-youtube wp-embed-aspect-16-9 wp-has-aspect-ratio\"><div class=\"wp-block-embed__wrapper\">\n<iframe title=\"Trailer II Virtual Exhibition of Camari\u00f1as Lace\" width=\"800\" height=\"450\" src=\"https:\/\/www.youtube.com\/embed\/qe7cEhj2rL0?feature=oembed\" frameborder=\"0\" allow=\"accelerometer; autoplay; clipboard-write; encrypted-media; gyroscope; picture-in-picture\" allowfullscreen><\/iframe>\n<\/div><\/figure>","protected":false},"excerpt":{"rendered":"<p>From Tuesday to Sunday, the 12 participating stands will offer lace-related products with special offers through the event&#039;s social networks. Spectators will be able to watch the videos of the Young Designers competition from tomorrow and the lacemakers, the girls from the lacemaking schools and the volunteers will also have their space. Tomorrow, Wednesday 31 March, the exhibition &#039;Lacemakers: present and future&#039; will be inaugurated at 11 am in the Plaza de la Insuela. It will be developed mainly through the Facebook page and there will also be content on the Instagram and YouTube channel of the Mostra.<\/p>","protected":false},"author":1,"featured_media":2341,"comment_status":"open","ping_status":"closed","sticky":false,"template":"","format":"standard","meta":{"footnotes":""},"categories":[10],"tags":[125,37,136,14],"class_list":["post-2380","post","type-post","status-publish","format-standard","has-post-thumbnail","hentry","category-prensa","tag-2-mostra-virtual","tag-mostra-do-encaixe-virtual","tag-stands-mostra-virtual","tag-xxx-mostra-do-encaixe"],"_links":{"self":[{"href":"https:\/\/mostra.es\/en\/wp-json\/wp\/v2\/posts\/2380","targetHints":{"allow":["GET"]}}],"collection":[{"href":"https:\/\/mostra.es\/en\/wp-json\/wp\/v2\/posts"}],"about":[{"href":"https:\/\/mostra.es\/en\/wp-json\/wp\/v2\/types\/post"}],"author":[{"embeddable":true,"href":"https:\/\/mostra.es\/en\/wp-json\/wp\/v2\/users\/1"}],"replies":[{"embeddable":true,"href":"https:\/\/mostra.es\/en\/wp-json\/wp\/v2\/comments?post=2380"}],"version-history":[{"count":0,"href":"https:\/\/mostra.es\/en\/wp-json\/wp\/v2\/posts\/2380\/revisions"}],"wp:featuredmedia":[{"embeddable":true,"href":"https:\/\/mostra.es\/en\/wp-json\/wp\/v2\/media\/2341"}],"wp:attachment":[{"href":"https:\/\/mostra.es\/en\/wp-json\/wp\/v2\/media?parent=2380"}],"wp:term":[{"taxonomy":"category","embeddable":true,"href":"https:\/\/mostra.es\/en\/wp-json\/wp\/v2\/categories?post=2380"},{"taxonomy":"post_tag","embeddable":true,"href":"https:\/\/mostra.es\/en\/wp-json\/wp\/v2\/tags?post=2380"}],"curies":[{"name":"wp","href":"https:\/\/api.w.org\/{rel}","templated":true}]}}