{"id":2089,"date":"2021-03-29T17:36:51","date_gmt":"2021-03-29T17:36:51","guid":{"rendered":"https:\/\/mostra.es\/?p=2089"},"modified":"2021-03-29T17:39:14","modified_gmt":"2021-03-29T17:39:14","slug":"show-lace-dressing-rooms-coupon-eleven","status":"publish","type":"post","link":"https:\/\/mostra.es\/en\/actualidade\/prensa\/mostra-encaixe-camarinas-cupon-once\/","title":{"rendered":"The Camari\u00f1as Lace Show will be present in five and a half million ONCE coupons"},"content":{"rendered":"<p>The City Council of Camari\u00f1as presented the ONCE coupon dedicated to the thirtieth Edition of the Camari\u00f1as Lace Show of the Provincial Council of A Coru\u00f1a. Five and a half million tickets on April 6, available in 20,000 points of sale, will carry the image of this event, which will begin today a week of lace marketing parades on the Internet.<\/p>\n\n\n\n<p>The mayor, Sandra Insua, the territorial delegate in Galicia of ONCE, Manuel Mart\u00ednez Pan; the deputy mayor, Sergio Caama\u00f1o, the councilor of the Mostra do Encaixe, Encarna Li\u00f1eiro, the director of the Mostra, Dolores Lema, attended the event held in the &#039;Raquel Moreira&#039; class room of the Museum of Lace.<\/p>\n\n\n\n<p>The mayor thanked ONCE for using the image of Camari\u00f1as and the Lace Exhibition to create a coupon and encouraged all Camari\u00f1ans to purchase the ticket. She also highlighted that a copy of the coupon will be present in one of the rooms of the Lace Museum.<\/p>\n\n\n\n<p>For his part, the delegate in Galicia of ONCE, Manuel Mart\u00ednez, stated that for his organization links like these were very important, since they symbolically reflect the union of social work and Galician heritage in its main business card, the coupon.<\/p>\n\n\n\n<h3 class=\"wp-block-heading\">II Virtual Exhibition<\/h3>\n\n\n\n<p>The opening of the second Virtual Show will be completed with the publication of the promotional video of the &#039;Young Designers&#039; collections and institutional speeches. From Tuesday to Sunday, participating stands will offer lace-related products with special offers through the event&#039;s social networks. Spectators will be able to watch the videos of the Young Designers competition and the lace makers, girls from the lace schools or volunteering will also have their space. On Wednesday, March 31, the exhibition &#039;Lace makers: present and future&#039; will be inaugurated in the Plaza de la Insuela. It will be developed mainly through the Facebook page and there will also be content on the Instagram and YouTube channel of the Show.<\/p>","protected":false},"excerpt":{"rendered":"<p>The Lace Museum hosted the presentation of this ticket, which will be sold in 20,000 points of sale.<br \/>\nToday begins a week of fashion shows and marketing of lace on the internet.<\/p>","protected":false},"author":1,"featured_media":2090,"comment_status":"open","ping_status":"closed","sticky":false,"template":"","format":"standard","meta":{"footnotes":""},"categories":[10],"tags":[129,131,14],"class_list":["post-2089","post","type-post","status-publish","format-standard","has-post-thumbnail","hentry","category-prensa","tag-once","tag-promocion-da-mostra","tag-xxx-mostra-do-encaixe"],"_links":{"self":[{"href":"https:\/\/mostra.es\/en\/wp-json\/wp\/v2\/posts\/2089","targetHints":{"allow":["GET"]}}],"collection":[{"href":"https:\/\/mostra.es\/en\/wp-json\/wp\/v2\/posts"}],"about":[{"href":"https:\/\/mostra.es\/en\/wp-json\/wp\/v2\/types\/post"}],"author":[{"embeddable":true,"href":"https:\/\/mostra.es\/en\/wp-json\/wp\/v2\/users\/1"}],"replies":[{"embeddable":true,"href":"https:\/\/mostra.es\/en\/wp-json\/wp\/v2\/comments?post=2089"}],"version-history":[{"count":0,"href":"https:\/\/mostra.es\/en\/wp-json\/wp\/v2\/posts\/2089\/revisions"}],"wp:featuredmedia":[{"embeddable":true,"href":"https:\/\/mostra.es\/en\/wp-json\/wp\/v2\/media\/2090"}],"wp:attachment":[{"href":"https:\/\/mostra.es\/en\/wp-json\/wp\/v2\/media?parent=2089"}],"wp:term":[{"taxonomy":"category","embeddable":true,"href":"https:\/\/mostra.es\/en\/wp-json\/wp\/v2\/categories?post=2089"},{"taxonomy":"post_tag","embeddable":true,"href":"https:\/\/mostra.es\/en\/wp-json\/wp\/v2\/tags?post=2089"}],"curies":[{"name":"wp","href":"https:\/\/api.w.org\/{rel}","templated":true}]}}