{"id":1980,"date":"2021-01-23T11:41:37","date_gmt":"2021-01-23T11:41:37","guid":{"rendered":"https:\/\/mostra.es\/?p=1980"},"modified":"2021-03-31T08:37:39","modified_gmt":"2021-03-31T08:37:39","slug":"camarinas-had-marketed-the-lace-and-presented-parades-on-the-net-in-the-ii-virtual-lace-show","status":"publish","type":"post","link":"https:\/\/mostra.es\/en\/actualidade\/prensa\/camarinas-comercializara-o-encaixe-e-presentara-desfiles-na-rede-na-ii-mostra-do-encaixe-virtual\/","title":{"rendered":"Camari\u00f1as will market lace and present fashion shows online at the II Virtual Lace Show"},"content":{"rendered":"<p>The City Council of Camari\u00f1as will organize the second virtual edition of the Camari\u00f1as Lace Exhibition of the Provincial Council of A Coru\u00f1a, which presents new features compared to last year and on this occasion will change its operation to focus on the commercialization of lace and the publication of fashion shows from the different catwalks.<\/p>\n\n\n\n<p>The aim of this event is to market lace and promote the work that local businesses do annually in this field. Therefore, from March 31 to April 4, participating stalls will offer a series of lace products through Facebook and Instagram, which will have special offers on those dates.<\/p>\n\n\n\n<p>On the other hand, each participating collection will produce a video with the aim of showing their designs with the application of lace. What does not change with respect to last year is the broadcasting platform, the Virtual Exhibition will be broadcast through the page of <a aria-label=\"Facebook of the Show (opens in a new tab)\" href=\"https:\/\/www.facebook.com\/mencaixedecamarinas\/\" target=\"_blank\" rel=\"noreferrer noopener\" class=\"rank-math-link\">Facebook of the Show<\/a>, from <a aria-label=\"Instagram (opens in a new tab)\" href=\"https:\/\/www.instagram.com\/mostraencaixecamarinas\/\" target=\"_blank\" rel=\"noreferrer noopener\" class=\"rank-math-link\">Instagram<\/a> and also from <a href=\"https:\/\/www.youtube.com\/channel\/UC1KN6dpsupaoc8en8nRMAXQ\" target=\"_blank\" aria-label=\"Youtube channel (opens in a new tab)\" rel=\"noreferrer noopener\" class=\"rank-math-link\">Youtube channel<\/a>.<\/p>\n\n\n\n<p>Another of the novelties presented in this second edition are the dates. As it could not be otherwise, there will be a Virtual Exhibition during Easter since from March 31 to April 4, the participants in the Young Designers competition will be the ones to disseminate their innovative creations. Already in September, and with the intention of functioning as a prelude to the XXX Lace Exhibition to be held in October, the videos of the Great Designers and Artencaixe will be published.<\/p>\n\n\n\n<p>The mayor of Camari\u00f1as, Sandra Insua, thanked &quot;the effort of the Mostra department to devise, yet another year, a way so that we would not have an Easter without a wedding and thus the wait until October will certainly be shorter.&quot;<\/p>\n\n\n\n<p>For her part, the councilor of the Mostra, Encarna Li\u00f1eiro, highlighted the importance of &quot;keeping the tradition alive since throughout the country and especially in Galicia, Easter is always related to the Mostra do Encaixe and we cannot lose that feeling.&quot;<\/p>\n\n\n\n<p>Finally, the director of the Mostra, Dolores Lema, wanted to highlight that &quot;as this virtual event is designed, it will allow the marketing and promotion of lace, a fundamental element in the family economy of our region.&quot;<\/p>\n\n\n\n<figure class=\"wp-block-embed is-type-video is-provider-vimeo wp-block-embed-vimeo wp-embed-aspect-16-9 wp-has-aspect-ratio\"><div class=\"wp-block-embed__wrapper\">\n<iframe title=\"2020 - Spot XXX Show of the Lace of Camarilas PRORES\" src=\"https:\/\/player.vimeo.com\/video\/385966719?dnt=1&amp;app_id=122963\" width=\"800\" height=\"450\" frameborder=\"0\" allow=\"autoplay; fullscreen; picture-in-picture\" allowfullscreen><\/iframe>\n<\/div><\/figure>\n\n\n\n<h2 class=\"wp-block-heading\">Virtual Socket Sample<\/h2>\n\n\n\n<p>The Virtual Encaixe Exhibition was born in 2020 as an alternative to the suspension of the thirtieth edition of the physical event due to the health context generated by the expansion of COVID-19.<\/p>\n\n\n\n<p>At that time, all the groups involved in the regular operation of the event were involved. A block schedule was drawn up, following a structure similar to that of the regular event calendar, and which included specific slots for Great Designers, Young Designers, Artencaixe, Pequencaixe, Xuntanzas Palilleiras, International Delegations, Companies, Artists, Volunteers, Stands and Media.<\/p>\n\n\n\n<p>The Lace Show Department asked all these groups<br>that they send their videos introducing themselves and transmitting encouragement and strength<br>to meet again and face the thirtieth edition with even more enthusiasm<br>of the event.<\/p>\n\n\n\n<p>The data was spectacular. An audience of 237,962 users who viewed the 175 videos from their homes from Wednesday to Sunday.<\/p>\n\n\n\n<figure class=\"wp-block-image size-large\"><img fetchpriority=\"high\" decoding=\"async\" width=\"731\" height=\"1024\" src=\"https:\/\/mostra.es\/wp-content\/uploads\/2021\/01\/cartel-2-mostra-encaixe-camarinas-virtual-2-731x1024.jpg\" alt=\"\" class=\"wp-image-1983\" title=\"\" srcset=\"https:\/\/mostra.es\/wp-content\/uploads\/2021\/01\/cartel-2-mostra-encaixe-camarinas-virtual-2-731x1024.jpg 731w, https:\/\/mostra.es\/wp-content\/uploads\/2021\/01\/cartel-2-mostra-encaixe-camarinas-virtual-2-214x300.jpg 214w, https:\/\/mostra.es\/wp-content\/uploads\/2021\/01\/cartel-2-mostra-encaixe-camarinas-virtual-2-768x1075.jpg 768w, https:\/\/mostra.es\/wp-content\/uploads\/2021\/01\/cartel-2-mostra-encaixe-camarinas-virtual-2-1097x1536.jpg 1097w, https:\/\/mostra.es\/wp-content\/uploads\/2021\/01\/cartel-2-mostra-encaixe-camarinas-virtual-2.jpg 1200w\" sizes=\"(max-width: 731px) 100vw, 731px\" \/><\/figure>","protected":false},"excerpt":{"rendered":"<p>During Easter, the videos of the Young Designers competition will be published and, in September, as a prelude to the XXX Lace Exhibition, the videos of the Great Designers and Artencaixe will be released. From March 31 to April 4, the participating stands will offer lace-related products with special offers through the event&#039;s social networks. It will be developed through the Facebook and Instagram pages and the Youtube channel.<\/p>","protected":false},"author":1,"featured_media":1982,"comment_status":"open","ping_status":"closed","sticky":false,"template":"","format":"standard","meta":{"footnotes":""},"categories":[10],"tags":[31,125,37],"class_list":["post-1980","post","type-post","status-publish","format-standard","has-post-thumbnail","hentry","category-prensa","tag-comercializacion","tag-2-mostra-virtual","tag-mostra-do-encaixe-virtual"],"_links":{"self":[{"href":"https:\/\/mostra.es\/en\/wp-json\/wp\/v2\/posts\/1980","targetHints":{"allow":["GET"]}}],"collection":[{"href":"https:\/\/mostra.es\/en\/wp-json\/wp\/v2\/posts"}],"about":[{"href":"https:\/\/mostra.es\/en\/wp-json\/wp\/v2\/types\/post"}],"author":[{"embeddable":true,"href":"https:\/\/mostra.es\/en\/wp-json\/wp\/v2\/users\/1"}],"replies":[{"embeddable":true,"href":"https:\/\/mostra.es\/en\/wp-json\/wp\/v2\/comments?post=1980"}],"version-history":[{"count":0,"href":"https:\/\/mostra.es\/en\/wp-json\/wp\/v2\/posts\/1980\/revisions"}],"wp:featuredmedia":[{"embeddable":true,"href":"https:\/\/mostra.es\/en\/wp-json\/wp\/v2\/media\/1982"}],"wp:attachment":[{"href":"https:\/\/mostra.es\/en\/wp-json\/wp\/v2\/media?parent=1980"}],"wp:term":[{"taxonomy":"category","embeddable":true,"href":"https:\/\/mostra.es\/en\/wp-json\/wp\/v2\/categories?post=1980"},{"taxonomy":"post_tag","embeddable":true,"href":"https:\/\/mostra.es\/en\/wp-json\/wp\/v2\/tags?post=1980"}],"curies":[{"name":"wp","href":"https:\/\/api.w.org\/{rel}","templated":true}]}}