{"id":1905,"date":"2020-12-31T15:51:46","date_gmt":"2020-12-31T15:51:46","guid":{"rendered":"https:\/\/mostra.es\/?p=1905"},"modified":"2020-12-31T16:03:01","modified_gmt":"2020-12-31T16:03:01","slug":"important-agreement-between-the-provincial-council-and-the-municipality-to-finance-the-2020-income-tax-return","status":"publish","type":"post","link":"https:\/\/mostra.es\/en\/actualidade\/blog\/importante-acordo-deputacion-concello-para-financiar-a-mostra-do-encaixe-2020\/","title":{"rendered":"Important Provincial Council-City Council agreement to finance the 2020 Encaixe Show"},"content":{"rendered":"<p>The president of the Provincial Council, Valent\u00edn Gonz\u00e1lez Formoso, and the mayor of Camari\u00f1as, Sandra Insua, signed today the agreement by which the provincial entity will contribute 45,000 euros, 451% of the total, to finance the expenses that were already executed before their cancellation in the month of March, out of prudence and responsibility, due to the declaration of the State of Alarm.<\/p>\n\n\n\n<p>In addition, this agreement also includes the financing of the first Virtual Mostra in history, an event organized by the City Council of Camari\u00f1as during Easter so that the spirit of the Mostra is not lost, adapting to the forced confinement resulting from the COVID-19 pandemic. <\/p>\n\n\n\n<blockquote class=\"wp-block-quote is-layout-flow wp-block-quote-is-layout-flow\"><p>The Provincial Council of A Coru\u00f1a and the City Council of Camari\u00f1as will jointly finance the almost 100,000 euros in expenses generated by the Mostra do Encaixe de Camari\u00f1as Provincial Council of A Coru\u00f1a 2020.<\/p><\/blockquote>\n\n\n\n<p>An event that was a great success, attracting an audience of 237,962 users, who viewed from their homes the 175 videos that followed each other from Wednesday to Sunday on the Mostra&#039;s Facebook (@mencaixedecamarinas) and on the event&#039;s Youtube channel. All the usual protagonists of the Camari\u00f1as Lace Festival of the Provincial Council of A Coru\u00f1a had their place in this virtual edition.<\/p>\n\n\n\n<p>\u201cWe wanted to support the City Council of Camari\u00f1as by maintaining the same percentage of the total expenses that had been contributed when the Mostra could be carried out normally\u201d, explained Gonz\u00e1lez Formoso who also recalled that \u201cin February we redoubled our commitment to this event, which has now been incorporated into the Provincial Council in its official nomenclature, and our idea remains the same since the income of Camari\u00f1as is provincial heritage\u201d.<\/p>\n\n\n\n<p>For her part, Sandra Insua thanked &quot;the Provincial Council and its president for the effort they are making in this difficult year because without this economic support it would be very difficult for us to cover the expenses we already had for the Festival: its promotion, the assembly or the allocation of the prizes for the young designers competition.&quot;<\/p>\n\n\n\n<figure class=\"wp-block-embed is-type-video is-provider-youtube wp-block-embed-youtube wp-embed-aspect-16-9 wp-has-aspect-ratio\"><div class=\"wp-block-embed__wrapper\">\n<iframe title=\"Presentation of the poster for the Camari\u00f1as Lace Exhibition 2018\" width=\"800\" height=\"450\" src=\"https:\/\/www.youtube.com\/embed\/wLPPJLUQbGc?feature=oembed\" frameborder=\"0\" allow=\"accelerometer; autoplay; clipboard-write; encrypted-media; gyroscope; picture-in-picture\" allowfullscreen><\/iframe>\n<\/div><\/figure>","protected":false},"excerpt":{"rendered":"<p>The Provincial Council supports the City Council of Camari\u00f1as to cover the almost 100,000 euros in expenses for the Mostra do Encaixe 2020. Through an agreement, the provincial entity will contribute 45,000 euros to finance the event, which due to the pandemic was held virtually this year.<\/p>","protected":false},"author":1,"featured_media":1906,"comment_status":"open","ping_status":"closed","sticky":false,"template":"","format":"standard","meta":{"footnotes":""},"categories":[9],"tags":[33,13,14],"class_list":["post-1905","post","type-post","status-publish","format-standard","has-post-thumbnail","hentry","category-blog","tag-deputacion-da-coruna","tag-mostra-2020","tag-xxx-mostra-do-encaixe"],"_links":{"self":[{"href":"https:\/\/mostra.es\/en\/wp-json\/wp\/v2\/posts\/1905","targetHints":{"allow":["GET"]}}],"collection":[{"href":"https:\/\/mostra.es\/en\/wp-json\/wp\/v2\/posts"}],"about":[{"href":"https:\/\/mostra.es\/en\/wp-json\/wp\/v2\/types\/post"}],"author":[{"embeddable":true,"href":"https:\/\/mostra.es\/en\/wp-json\/wp\/v2\/users\/1"}],"replies":[{"embeddable":true,"href":"https:\/\/mostra.es\/en\/wp-json\/wp\/v2\/comments?post=1905"}],"version-history":[{"count":0,"href":"https:\/\/mostra.es\/en\/wp-json\/wp\/v2\/posts\/1905\/revisions"}],"wp:featuredmedia":[{"embeddable":true,"href":"https:\/\/mostra.es\/en\/wp-json\/wp\/v2\/media\/1906"}],"wp:attachment":[{"href":"https:\/\/mostra.es\/en\/wp-json\/wp\/v2\/media?parent=1905"}],"wp:term":[{"taxonomy":"category","embeddable":true,"href":"https:\/\/mostra.es\/en\/wp-json\/wp\/v2\/categories?post=1905"},{"taxonomy":"post_tag","embeddable":true,"href":"https:\/\/mostra.es\/en\/wp-json\/wp\/v2\/tags?post=1905"}],"curies":[{"name":"wp","href":"https:\/\/api.w.org\/{rel}","templated":true}]}}