{"id":1086,"date":"2020-02-22T10:13:29","date_gmt":"2020-02-22T10:13:29","guid":{"rendered":"https:\/\/mostradoencaixe.es\/?p=1086"},"modified":"2020-02-23T19:48:01","modified_gmt":"2020-02-23T19:48:01","slug":"show-income-reinforces-deputation-bet","status":"publish","type":"post","link":"https:\/\/mostra.es\/en\/actualidade\/prensa\/mostra-encaixe-reforza-aposta-deputacion\/","title":{"rendered":"The Camari\u00f1as Lace Exhibition sees the Provincial Council&#039;s commitment reinforced"},"content":{"rendered":"<p>The Camari\u00f1as Lace Exhibition sees the commitment of the A Coru\u00f1a Provincial Council reinforced, which, aware of the importance of the event and the international projection it is having year after year, has decided to increase its support for the event, which this year will celebrate its thirtieth edition from April 8 to 12.<\/p>\n\n\n\n<p>Thus, both the City Council of Camari\u00f1as and the Provincial Council of A Coru\u00f1a have reached a new agreement to increase the presence of the provincial entity in the event, which it already strongly supported year after year. The most important action in this new scenario will be the change of name of the Mostra, which will officially be called Mostra do Encaixe de Camari\u00f1as Provincial Council of A Coru\u00f1a, thus incorporating as a surname the administration presided over by Valent\u00edn Gonz\u00e1lez Formoso. <\/p>\n\n\n\n<p>Furthermore, in this edition the Provincial Council will be present in the official image (posters, video, stands, t-shirts, etc.) of the Camari\u00f1as Lace Exhibition at the same level as the City Council. On the other hand, it will also sponsor the first prize of the XXVII New Designers Competition.<\/p>\n\n\n\n<p>With this agreement, the City Council of Camari\u00f1as obtains new support on its path to increasing the projection, both national and international, of the Mostra, and also to obtain the declaration as a festival of national tourist interest.<\/p>","protected":false},"excerpt":{"rendered":"<p>Due to this new agreement, the event will officially be called the Camari\u00f1as Lace Exhibition, Provincial Council of A Coru\u00f1a. The provincial body will increase its presence in all the exhibition spaces.<\/p>","protected":false},"author":1,"featured_media":1089,"comment_status":"closed","ping_status":"closed","sticky":false,"template":"","format":"standard","meta":{"footnotes":""},"categories":[10],"tags":[15,33,14],"class_list":["post-1086","post","type-post","status-publish","format-standard","has-post-thumbnail","hentry","category-prensa","tag-cartel-mostra","tag-deputacion-da-coruna","tag-xxx-mostra-do-encaixe"],"_links":{"self":[{"href":"https:\/\/mostra.es\/en\/wp-json\/wp\/v2\/posts\/1086","targetHints":{"allow":["GET"]}}],"collection":[{"href":"https:\/\/mostra.es\/en\/wp-json\/wp\/v2\/posts"}],"about":[{"href":"https:\/\/mostra.es\/en\/wp-json\/wp\/v2\/types\/post"}],"author":[{"embeddable":true,"href":"https:\/\/mostra.es\/en\/wp-json\/wp\/v2\/users\/1"}],"replies":[{"embeddable":true,"href":"https:\/\/mostra.es\/en\/wp-json\/wp\/v2\/comments?post=1086"}],"version-history":[{"count":0,"href":"https:\/\/mostra.es\/en\/wp-json\/wp\/v2\/posts\/1086\/revisions"}],"wp:featuredmedia":[{"embeddable":true,"href":"https:\/\/mostra.es\/en\/wp-json\/wp\/v2\/media\/1089"}],"wp:attachment":[{"href":"https:\/\/mostra.es\/en\/wp-json\/wp\/v2\/media?parent=1086"}],"wp:term":[{"taxonomy":"category","embeddable":true,"href":"https:\/\/mostra.es\/en\/wp-json\/wp\/v2\/categories?post=1086"},{"taxonomy":"post_tag","embeddable":true,"href":"https:\/\/mostra.es\/en\/wp-json\/wp\/v2\/tags?post=1086"}],"curies":[{"name":"wp","href":"https:\/\/api.w.org\/{rel}","templated":true}]}}